{"id":3902,"date":"2025-06-04T16:34:00","date_gmt":"2025-06-04T15:34:00","guid":{"rendered":"https:\/\/apoioaempresas.pt\/?p=3902"},"modified":"2025-12-28T18:13:52","modified_gmt":"2025-12-28T18:13:52","slug":"persona-vs-publico-alvo","status":"publish","type":"post","link":"https:\/\/apoioaempresas.pt\/en\/persona-vs-publico-alvo\/","title":{"rendered":"Persona vs P\u00fablico-Alvo: por que definir corretamente muda os resultados do seu marketing"},"content":{"rendered":"\n<p>No universo do <a href=\"https:\/\/apoioaempresas.pt\/servicos\/marketing-digital\/\">marketing digital<\/a>, dois conceitos s\u00e3o frequentemente confundidos: <em>persona <\/em>e p\u00fablico-alvo. Embora relacionados, representam ferramentas com n\u00edveis de profundidade muito distintos para compreender o cliente. Definir ambos corretamente \u00e9 um passo fundamental. Permite criar campanhas mais assertivas, aumentar as convers\u00f5es e otimizar o investimento.<\/p>\n\n\n\n<p>Neste artigo vamos procurar explicar a diferen\u00e7a, mostrar o seu impacto com dados e gui\u00e1-lo no processo de cria\u00e7\u00e3o.<\/p>\n\n\n\n<h2 class=\"wp-block-heading\">O que \u00e9 o P\u00fablico-Alvo? A vis\u00e3o macro<\/h2>\n\n\n\n<p>O p\u00fablico-alvo \u00e9, antes de mais, uma segmenta\u00e7\u00e3o ampla e demogr\u00e1fica do mercado potencial. A sua defini\u00e7\u00e3o baseia-se sobretudo em vari\u00e1veis quantific\u00e1veis e gerais. Entre estas vari\u00e1veis encontram-se, por exemplo, a idade, o g\u00e9nero, a localiza\u00e7\u00e3o, a profiss\u00e3o, a faixa de rendimentos e at\u00e9 os interesses mais gen\u00e9ricos. Assim, o p\u00fablico-alvo constitui um recorte estat\u00edstico que, apesar de simplificado, oferece uma dire\u00e7\u00e3o inicial para a constru\u00e7\u00e3o e orienta\u00e7\u00e3o das campanhas.<\/p>\n\n\n\n<p><strong>Exemplo de p\u00fablico-alvo:<\/strong><\/p>\n\n\n\n<ul class=\"wp-block-list\">\n<li>Homens e mulheres, entre 25 e 40 anos, residentes em Lisboa, com forma\u00e7\u00e3o superior, classe m\u00e9dia-alta e com interesse em viagens e gastronomia.<\/li>\n<\/ul>\n\n\n\n<p>Apesar de \u00fatil, esta abordagem agrupa pessoas com necessidades e comportamentos muito diferentes num \u00fanico bloco.<\/p>\n\n\n\n<h2 class=\"wp-block-heading\">O que \u00e9 uma Persona? A humaniza\u00e7\u00e3o do cliente ideal<\/h2>\n\n\n\n<p>A persona, ou <em>buyer persona<\/em>, vai muito mais fundo. A persona \u00e9, em ess\u00eancia, uma representa\u00e7\u00e3o semifict\u00edcia e detalhada do cliente ideal. A sua constru\u00e7\u00e3o resulta n\u00e3o apenas de uma an\u00e1lise de dados reais, mas tamb\u00e9m da interpreta\u00e7\u00e3o de comportamentos, motiva\u00e7\u00f5es, desafios e objetivos dos clientes atuais e potenciais. Al\u00e9m disso, distingue-se do p\u00fablico-alvo porque vai muito al\u00e9m da estat\u00edstica: uma persona tem um nome, uma hist\u00f3ria e at\u00e9 uma face, o que a torna mais concreta e pr\u00f3xima da realidade.<\/p>\n\n\n\n<p><strong>Exemplo de <em>persona<\/em>:<\/strong><\/p>\n\n\n\n<ul class=\"wp-block-list\">\n<li><strong>Ana, 32 anos.<\/strong> \u00c9 gestora de marketing numa startup no Porto. Utiliza o Instagram e o LinkedIn para se manter atualizada. O seu maior desafio \u00e9 a falta de tempo para gerir m\u00faltiplas tarefas. Procura solu\u00e7\u00f5es tecnol\u00f3gicas que automatizem processos e valoriza marcas com um forte prop\u00f3sito de sustentabilidade. A sua principal dor \u00e9 sentir que n\u00e3o consegue ser t\u00e3o produtiva quanto gostaria.<\/li>\n<\/ul>\n\n\n\n<p>Ou seja, a <em>persona <\/em>ajuda a definir o tom da comunica\u00e7\u00e3o, os conte\u00fados mais relevantes e os canais certos para cada fase da jornada de compra.<\/p>\n\n\n\n<h2 class=\"wp-block-heading\">Persona vs P\u00fablico-Alvo: As diferen\u00e7as essenciais<\/h2>\n\n\n\n<p>Para facilitar a visualiza\u00e7\u00e3o, as diferen\u00e7as podem, portanto, ser resumidas como apresentado na tabela abaixo. Al\u00e9m disso, importa sublinhar que esta distin\u00e7\u00e3o n\u00e3o \u00e9 meramente acad\u00e9mica; pelo contr\u00e1rio, revela-se crucial para a aplica\u00e7\u00e3o estrat\u00e9gica e eficaz de cada conceito.<\/p>\n\n\n\n<figure class=\"wp-block-table\"><table class=\"has-fixed-layout\"><thead><tr><td>Aspeto<\/td><td>P\u00fablico-Alvo<\/td><td><em>Persona<\/em><\/td><\/tr><\/thead><tbody><tr><td><strong>Abrang\u00eancia<\/strong><\/td><td>Amplo e estat\u00edstico.<\/td><td>Espec\u00edfica e individualizada.<\/td><\/tr><tr><td><strong>Dados Utilizados<\/strong><\/td><td>Demogr\u00e1ficos e socioecon\u00f3micos.<\/td><td>Qualitativos e comportamentais.<\/td><\/tr><tr><td><strong>Foco<\/strong><\/td><td>&#8220;Quem&#8221; compra, de forma geral.<\/td><td>&#8220;Por qu\u00ea&#8221; e &#8220;como&#8221; compra.<\/td><\/tr><tr><td><strong>Aplica\u00e7\u00e3o<\/strong><\/td><td>Segmenta\u00e7\u00e3o inicial de mercado.<\/td><td>Cria\u00e7\u00e3o de conte\u00fado, jornada do cliente.<\/td><\/tr><tr><td><strong>Exemplo<\/strong><\/td><td>&#8220;Mulheres, 25 a 40 anos.&#8221;<\/td><td>&#8220;Ana, 32 anos, gestora de marketing.&#8221;<\/td><\/tr><\/tbody><\/table><\/figure>\n\n\n\n<h2 class=\"wp-block-heading\">O impacto direto na segmenta\u00e7\u00e3o e convers\u00e3o<\/h2>\n\n\n\n<p>Distinguir e utilizar <em>personas <\/em>bem definidas gera melhorias significativas nos resultados de uma empresa. Desse modo, a estrat\u00e9gia deixa de ser gen\u00e9rica, o que permite que seja direcionada para as necessidades reais do cliente.<\/p>\n\n\n\n<h3 class=\"wp-block-heading\">Aumento da convers\u00e3o e do ROI<\/h3>\n\n\n\n<p>Uma comunica\u00e7\u00e3o que fala diretamente para as &#8220;dores&#8221; da <em>persona <\/em>gera, desde logo, uma conex\u00e3o muito mais forte. Segundo um estudo da HubSpot, campanhas de marketing baseadas em <em>personas <\/em>podem aumentar a taxa de convers\u00e3o em at\u00e9 73%. Al\u00e9m disso, a Cintell reporta que 71% das empresas que excedem as suas metas de receita utilizam <em>personas <\/em>documentadas. Isto traduz-se num menor custo de aquisi\u00e7\u00e3o de clientes e num maior retorno sobre o investimento (ROI).<\/p>\n\n\n\n<h3 class=\"wp-block-heading\">Alinhamento da estrat\u00e9gia de conte\u00fado<\/h3>\n\n\n\n<p>Com uma <em>persona <\/em>bem definida, a produ\u00e7\u00e3o de conte\u00fado torna-se imediatamente mais eficiente. Em vez de desenvolver artigos ou v\u00eddeos sobre temas demasiado gen\u00e9ricos, a equipa pode, assim, concentrar-se em resolver os problemas concretos da &#8220;Ana&#8221;. Dessa forma, n\u00e3o s\u00f3 aumenta a probabilidade de captar a aten\u00e7\u00e3o e o interesse, como tamb\u00e9m se refor\u00e7a a autoridade da marca. Al\u00e9m disso, o cliente \u00e9 orientado de forma natural ao longo do seu processo de decis\u00e3o de compra.<\/p>\n\n\n\n<h2 class=\"wp-block-heading\">Como construir uma persona baseada em dados?<\/h2>\n\n\n\n<p>Uma <em>persona <\/em>eficaz n\u00e3o nasce de suposi\u00e7\u00f5es. A sua cria\u00e7\u00e3o deve ser um <a href=\"https:\/\/www.hubspot.com\/state-of-marketing\" target=\"_blank\" rel=\"noreferrer noopener\">processo anal\u00edtico<\/a>. Por isso, \u00e9 essencial combinar diferentes fontes de informa\u00e7\u00e3o:<\/p>\n\n\n\n<ol start=\"1\" class=\"wp-block-list\">\n<li><strong>Google Analytics:<\/strong> Oferece dados demogr\u00e1ficos, interesses e localiza\u00e7\u00e3o dos visitantes do seu site. Permite identificar que grupos de utilizadores interagem mais com o seu conte\u00fado.<\/li>\n\n\n\n<li><strong>Redes Sociais:<\/strong> Ferramentas como o Meta Business Suite (Facebook e Instagram Insights) revelam detalhes sobre os seus seguidores. Analise idade, g\u00e9nero, localiza\u00e7\u00e3o e publica\u00e7\u00f5es com maior intera\u00e7\u00e3o.<\/li>\n\n\n\n<li><strong>Inqu\u00e9ritos e Entrevistas:<\/strong> Converse diretamente com os seus melhores clientes. Use ferramentas como o Typeform ou Google Forms para perguntar sobre os seus desafios, objetivos e h\u00e1bitos de consumo.<\/li>\n\n\n\n<li><strong>An\u00e1lise de Tend\u00eancias:<\/strong> Plataformas como o <a href=\"https:\/\/buzzsumo.com\" target=\"_blank\" rel=\"noreferrer noopener\">BuzzSumo<\/a> ajudam a perceber quais os temas e formatos de conte\u00fado que mais geram interesse no seu nicho.<\/li>\n\n\n\n<li><strong>Feedback da Equipa de Vendas:<\/strong> A equipa comercial est\u00e1 na linha da frente pois conhecem as obje\u00e7\u00f5es, d\u00favidas e necessidades mais comuns dos clientes.<\/li>\n<\/ol>\n\n\n\n<h2 class=\"wp-block-heading\">Mitos e Verdades comuns<\/h2>\n\n\n\n<p>Existem algumas ideias erradas sobre este tema que importa clarificar.<\/p>\n\n\n\n<ul class=\"wp-block-list\">\n<li><strong>Mito:<\/strong> &#8220;<em>Personas <\/em>s\u00e3o criadas com base em achismos&#8221;\n<ul class=\"wp-block-list\">\n<li><strong>Verdade:<\/strong> <em>Personas <\/em>eficazes s\u00e3o constru\u00eddas a partir de dados reais, recolhidos atrav\u00e9s de pesquisa e an\u00e1lise de comportamento.<\/li>\n<\/ul>\n<\/li>\n\n\n\n<li><strong>Mito:<\/strong> &#8220;Basta ter um p\u00fablico-alvo bem definido&#8221;\n<ul class=\"wp-block-list\">\n<li><strong>Verdade:<\/strong> O p\u00fablico-alvo \u00e9 o ponto de partida. A <em>persona <\/em>aprofunda o conhecimento, o que permite uma comunica\u00e7\u00e3o verdadeiramente personalizada e eficaz.<\/li>\n<\/ul>\n<\/li>\n\n\n\n<li><strong>Mito:<\/strong> &#8220;Preciso de criar dezenas de <em>personas<\/em>&#8221;\n<ul class=\"wp-block-list\">\n<li><strong>Verdade:<\/strong> Geralmente, 3 a 4 <em>personas <\/em>s\u00e3o suficientes para representar cerca de 90% da sua base de clientes. O foco \u00e9, por isso, mais importante do que a quantidade.<\/li>\n<\/ul>\n<\/li>\n<\/ul>\n\n\n\n<h2 class=\"wp-block-heading\">Perguntas Frequentes (FAQ)<\/h2>\n\n\n\n<p><strong>1. Preciso de ter sempre <em>personas<\/em> e p\u00fablico-alvo definidos?<\/strong> Sim. O p\u00fablico-alvo fornece a vis\u00e3o macro para a estrat\u00e9gia de mercado, enquanto a persona humaniza e aprofunda essa estrat\u00e9gia para a comunica\u00e7\u00e3o do dia a dia.<\/p>\n\n\n\n<p><strong>2. Quantas <em>personas <\/em>devo criar para o meu neg\u00f3cio?<\/strong> Comece com uma ou duas. \u00c0 medida que o seu neg\u00f3cio cresce, pode expandir para 3 ou 4, por exemplo. Em suma, o importante \u00e9 que cada <em>persona <\/em>represente um segmento significativo e distinto dos seus clientes.<\/p>\n\n\n\n<p><strong>3. As <em>personas <\/em>substituem a segmenta\u00e7\u00e3o em campanhas de an\u00fancios?<\/strong> N\u00e3o, elas complementam. Ou seja, a <em>persona <\/em>informa a mensagem, a criatividade e o tom da campanha. Por outro lado, o p\u00fablico-alvo ajuda a configurar a segmenta\u00e7\u00e3o t\u00e9cnica em plataformas como Google Ads ou Meta Ads.<\/p>\n\n\n\n<p><strong>4. Com que frequ\u00eancia devo atualizar as minhas <em>personas<\/em>?<\/strong> \u00c9 recomend\u00e1vel rever as suas <em>personas <\/em>anualmente ou sempre que houver uma mudan\u00e7a significativa no mercado, ou no comportamento dos seus clientes.<\/p>\n\n\n\n<h2 class=\"wp-block-heading\">Deixe de adivinhar, comece a conectar<\/h2>\n\n\n\n<p>Compreender a diferen\u00e7a entre <em>persona <\/em>e p\u00fablico-alvo \u00e9, mais do que um simples exerc\u00edcio te\u00f3rico, um verdadeiro pilar estrat\u00e9gico do marketing digital moderno. De facto, enquanto o p\u00fablico-alvo indica de uma forma ampla quem se pretende alcan\u00e7ar, a <em>persona<\/em>, por sua vez, mostra como comunicar para criar uma liga\u00e7\u00e3o aut\u00eantica e duradoura.<\/p>\n\n\n\n<p>Al\u00e9m disso, investir tempo na pesquisa e na defini\u00e7\u00e3o correta destas ferramentas representa o primeiro passo para alcan\u00e7ar campanhas mais eficientes. Al\u00e9m disso, torna-se poss\u00edvel desenvolver conte\u00fados mais relevantes e, em simult\u00e2neo, construir um relacionamento s\u00f3lido, consistente e, em \u00faltima an\u00e1lise, lucrativo com os clientes.<\/p>\n","protected":false},"excerpt":{"rendered":"<p>No universo do marketing digital, dois conceitos s\u00e3o frequentemente confundidos: persona e p\u00fablico-alvo. Embora relacionados, representam ferramentas com n\u00edveis de profundidade muito distintos para compreender o cliente. Definir ambos corretamente \u00e9 um passo fundamental. Permite criar campanhas mais assertivas, aumentar as convers\u00f5es e otimizar o investimento. Neste artigo vamos procurar explicar a diferen\u00e7a, mostrar o&hellip;<\/p>\n","protected":false},"author":2,"featured_media":3903,"comment_status":"closed","ping_status":"closed","sticky":false,"template":"","format":"standard","meta":{"footnotes":""},"categories":[5],"tags":[],"class_list":["post-3902","post","type-post","status-publish","format-standard","has-post-thumbnail","hentry","category-comunicacao-empresarial","category-5","description-off"],"yoast_head":"<!-- This site is optimized with the Yoast SEO plugin v26.6 - https:\/\/yoast.com\/wordpress\/plugins\/seo\/ -->\n<title>Persona vs. P\u00fablico-Alvo: A defini\u00e7\u00e3o que alavanca o seu neg\u00f3cio!<\/title>\n<meta name=\"description\" content=\"Persona vs p\u00fablico-alvo: entenda a diferen\u00e7a fundamental para o seu neg\u00f3cio. Aprenda a criar personas e veja como isso aumenta a convers\u00e3o.\" \/>\n<meta name=\"robots\" content=\"index, follow, max-snippet:-1, max-image-preview:large, max-video-preview:-1\" \/>\n<link rel=\"canonical\" href=\"https:\/\/apoioaempresas.pt\/en\/persona-vs-publico-alvo\/\" \/>\n<meta property=\"og:locale\" content=\"en_US\" \/>\n<meta property=\"og:type\" content=\"article\" \/>\n<meta property=\"og:title\" content=\"Persona vs. P\u00fablico-Alvo: A defini\u00e7\u00e3o que alavanca o seu neg\u00f3cio!\" \/>\n<meta property=\"og:description\" content=\"Persona vs p\u00fablico-alvo: entenda a diferen\u00e7a fundamental para o seu neg\u00f3cio. Aprenda a criar personas e veja como isso aumenta a convers\u00e3o.\" \/>\n<meta property=\"og:url\" content=\"https:\/\/apoioaempresas.pt\/en\/persona-vs-publico-alvo\/\" \/>\n<meta property=\"og:site_name\" content=\"Apoio a Empresas\" \/>\n<meta property=\"article:publisher\" content=\"https:\/\/www.facebook.com\/apoioaempresas\/\" \/>\n<meta property=\"article:published_time\" content=\"2025-06-04T15:34:00+00:00\" \/>\n<meta property=\"article:modified_time\" content=\"2025-12-28T18:13:52+00:00\" \/>\n<meta property=\"og:image\" content=\"https:\/\/apoioaempresas.pt\/wp-content\/uploads\/2025\/09\/persona-vs-publico-alvo.webp\" \/>\n\t<meta property=\"og:image:width\" content=\"1000\" \/>\n\t<meta property=\"og:image:height\" content=\"667\" \/>\n\t<meta property=\"og:image:type\" content=\"image\/webp\" \/>\n<meta name=\"author\" content=\"apoioemp\" \/>\n<meta name=\"twitter:card\" content=\"summary_large_image\" \/>\n<meta name=\"twitter:label1\" content=\"Written by\" \/>\n\t<meta name=\"twitter:data1\" content=\"apoioemp\" \/>\n\t<meta name=\"twitter:label2\" content=\"Est. reading time\" \/>\n\t<meta name=\"twitter:data2\" content=\"7 minutes\" \/>\n<script type=\"application\/ld+json\" class=\"yoast-schema-graph\">{\"@context\":\"https:\/\/schema.org\",\"@graph\":[{\"@type\":\"Article\",\"@id\":\"https:\/\/apoioaempresas.pt\/en\/persona-vs-publico-alvo\/#article\",\"isPartOf\":{\"@id\":\"https:\/\/apoioaempresas.pt\/en\/persona-vs-publico-alvo\/\"},\"author\":{\"name\":\"apoioemp\",\"@id\":\"https:\/\/apoioaempresas.pt\/en\/#\/schema\/person\/3b85499db65dfd773fa3c4b1f693d3bd\"},\"headline\":\"Persona vs P\u00fablico-Alvo: por que definir corretamente muda os resultados do seu marketing\",\"datePublished\":\"2025-06-04T15:34:00+00:00\",\"dateModified\":\"2025-12-28T18:13:52+00:00\",\"mainEntityOfPage\":{\"@id\":\"https:\/\/apoioaempresas.pt\/en\/persona-vs-publico-alvo\/\"},\"wordCount\":1335,\"publisher\":{\"@id\":\"https:\/\/apoioaempresas.pt\/en\/#organization\"},\"image\":{\"@id\":\"https:\/\/apoioaempresas.pt\/en\/persona-vs-publico-alvo\/#primaryimage\"},\"thumbnailUrl\":\"https:\/\/apoioaempresas.pt\/wp-content\/uploads\/2025\/09\/persona-vs-publico-alvo.webp\",\"articleSection\":[\"Comunica\u00e7\u00e3o Empresarial\"],\"inLanguage\":\"en-US\"},{\"@type\":\"WebPage\",\"@id\":\"https:\/\/apoioaempresas.pt\/en\/persona-vs-publico-alvo\/\",\"url\":\"https:\/\/apoioaempresas.pt\/en\/persona-vs-publico-alvo\/\",\"name\":\"Persona vs. P\u00fablico-Alvo: A defini\u00e7\u00e3o que alavanca o seu neg\u00f3cio!\",\"isPartOf\":{\"@id\":\"https:\/\/apoioaempresas.pt\/en\/#website\"},\"primaryImageOfPage\":{\"@id\":\"https:\/\/apoioaempresas.pt\/en\/persona-vs-publico-alvo\/#primaryimage\"},\"image\":{\"@id\":\"https:\/\/apoioaempresas.pt\/en\/persona-vs-publico-alvo\/#primaryimage\"},\"thumbnailUrl\":\"https:\/\/apoioaempresas.pt\/wp-content\/uploads\/2025\/09\/persona-vs-publico-alvo.webp\",\"datePublished\":\"2025-06-04T15:34:00+00:00\",\"dateModified\":\"2025-12-28T18:13:52+00:00\",\"description\":\"Persona vs p\u00fablico-alvo: entenda a diferen\u00e7a fundamental para o seu neg\u00f3cio. Aprenda a criar personas e veja como isso aumenta a convers\u00e3o.\",\"breadcrumb\":{\"@id\":\"https:\/\/apoioaempresas.pt\/en\/persona-vs-publico-alvo\/#breadcrumb\"},\"inLanguage\":\"en-US\",\"potentialAction\":[{\"@type\":\"ReadAction\",\"target\":[\"https:\/\/apoioaempresas.pt\/en\/persona-vs-publico-alvo\/\"]}]},{\"@type\":\"ImageObject\",\"inLanguage\":\"en-US\",\"@id\":\"https:\/\/apoioaempresas.pt\/en\/persona-vs-publico-alvo\/#primaryimage\",\"url\":\"https:\/\/apoioaempresas.pt\/wp-content\/uploads\/2025\/09\/persona-vs-publico-alvo.webp\",\"contentUrl\":\"https:\/\/apoioaempresas.pt\/wp-content\/uploads\/2025\/09\/persona-vs-publico-alvo.webp\",\"width\":1000,\"height\":667,\"caption\":\"Persona vs p\u00fablico-alvo: entenda a diferen\u00e7a fundamental para o seu marketing. Aprenda a criar personas eficazes e veja como isso aumenta a convers\u00e3o.\"},{\"@type\":\"BreadcrumbList\",\"@id\":\"https:\/\/apoioaempresas.pt\/en\/persona-vs-publico-alvo\/#breadcrumb\",\"itemListElement\":[{\"@type\":\"ListItem\",\"position\":1,\"name\":\"Home\",\"item\":\"https:\/\/apoioaempresas.pt\/en\/\"},{\"@type\":\"ListItem\",\"position\":2,\"name\":\"Persona vs P\u00fablico-Alvo: por que definir corretamente muda os resultados do seu marketing\"}]},{\"@type\":\"WebSite\",\"@id\":\"https:\/\/apoioaempresas.pt\/en\/#website\",\"url\":\"https:\/\/apoioaempresas.pt\/en\/\",\"name\":\"Apoio a Empresas\",\"description\":\"Disponibilizamos uma variedade de servi\u00e7os de apoio a empresas, para desenvolver o seu neg\u00f3cio ou ideia de neg\u00f3cio. Contacte-nos!\",\"publisher\":{\"@id\":\"https:\/\/apoioaempresas.pt\/en\/#organization\"},\"potentialAction\":[{\"@type\":\"SearchAction\",\"target\":{\"@type\":\"EntryPoint\",\"urlTemplate\":\"https:\/\/apoioaempresas.pt\/en\/?s={search_term_string}\"},\"query-input\":{\"@type\":\"PropertyValueSpecification\",\"valueRequired\":true,\"valueName\":\"search_term_string\"}}],\"inLanguage\":\"en-US\"},{\"@type\":\"Organization\",\"@id\":\"https:\/\/apoioaempresas.pt\/en\/#organization\",\"name\":\"Apoio a Empresas\",\"url\":\"https:\/\/apoioaempresas.pt\/en\/\",\"logo\":{\"@type\":\"ImageObject\",\"inLanguage\":\"en-US\",\"@id\":\"https:\/\/apoioaempresas.pt\/en\/#\/schema\/logo\/image\/\",\"url\":\"https:\/\/apoioaempresas.pt\/wp-content\/uploads\/2023\/07\/Apoio-a-Empresas-Logo-Quadrado.png\",\"contentUrl\":\"https:\/\/apoioaempresas.pt\/wp-content\/uploads\/2023\/07\/Apoio-a-Empresas-Logo-Quadrado.png\",\"width\":500,\"height\":500,\"caption\":\"Apoio a Empresas\"},\"image\":{\"@id\":\"https:\/\/apoioaempresas.pt\/en\/#\/schema\/logo\/image\/\"},\"sameAs\":[\"https:\/\/www.facebook.com\/apoioaempresas\/\",\"https:\/\/www.linkedin.com\/company\/apoio-a-empresas\/\",\"https:\/\/www.facebook.com\/apoioaempresascom\",\"https:\/\/www.linkedin.com\/company\/apoioaempresascom\/\",\"https:\/\/www.instagram.com\/apoioaempresascom\/\",\"https:\/\/www.instagram.com\/apoioaempresas.pt\/\"]},{\"@type\":\"Person\",\"@id\":\"https:\/\/apoioaempresas.pt\/en\/#\/schema\/person\/3b85499db65dfd773fa3c4b1f693d3bd\",\"name\":\"apoioemp\",\"image\":{\"@type\":\"ImageObject\",\"inLanguage\":\"en-US\",\"@id\":\"https:\/\/apoioaempresas.pt\/en\/#\/schema\/person\/image\/\",\"url\":\"https:\/\/secure.gravatar.com\/avatar\/4c81012441c6850abc4e1d995232a12521e39469045cd7a58f5461c0fcfced59?s=96&d=mm&r=g\",\"contentUrl\":\"https:\/\/secure.gravatar.com\/avatar\/4c81012441c6850abc4e1d995232a12521e39469045cd7a58f5461c0fcfced59?s=96&d=mm&r=g\",\"caption\":\"apoioemp\"},\"url\":\"https:\/\/apoioaempresas.pt\/en\/author\/apoioemp\/\"}]}<\/script>\n<!-- \/ Yoast SEO plugin. -->","yoast_head_json":{"title":"Persona vs. P\u00fablico-Alvo: A defini\u00e7\u00e3o que alavanca o seu neg\u00f3cio!","description":"Persona vs p\u00fablico-alvo: entenda a diferen\u00e7a fundamental para o seu neg\u00f3cio. Aprenda a criar personas e veja como isso aumenta a convers\u00e3o.","robots":{"index":"index","follow":"follow","max-snippet":"max-snippet:-1","max-image-preview":"max-image-preview:large","max-video-preview":"max-video-preview:-1"},"canonical":"https:\/\/apoioaempresas.pt\/en\/persona-vs-publico-alvo\/","og_locale":"en_US","og_type":"article","og_title":"Persona vs. P\u00fablico-Alvo: A defini\u00e7\u00e3o que alavanca o seu neg\u00f3cio!","og_description":"Persona vs p\u00fablico-alvo: entenda a diferen\u00e7a fundamental para o seu neg\u00f3cio. Aprenda a criar personas e veja como isso aumenta a convers\u00e3o.","og_url":"https:\/\/apoioaempresas.pt\/en\/persona-vs-publico-alvo\/","og_site_name":"Apoio a Empresas","article_publisher":"https:\/\/www.facebook.com\/apoioaempresas\/","article_published_time":"2025-06-04T15:34:00+00:00","article_modified_time":"2025-12-28T18:13:52+00:00","og_image":[{"width":1000,"height":667,"url":"https:\/\/apoioaempresas.pt\/wp-content\/uploads\/2025\/09\/persona-vs-publico-alvo.webp","type":"image\/webp"}],"author":"apoioemp","twitter_card":"summary_large_image","twitter_misc":{"Written by":"apoioemp","Est. reading time":"7 minutes"},"schema":{"@context":"https:\/\/schema.org","@graph":[{"@type":"Article","@id":"https:\/\/apoioaempresas.pt\/en\/persona-vs-publico-alvo\/#article","isPartOf":{"@id":"https:\/\/apoioaempresas.pt\/en\/persona-vs-publico-alvo\/"},"author":{"name":"apoioemp","@id":"https:\/\/apoioaempresas.pt\/en\/#\/schema\/person\/3b85499db65dfd773fa3c4b1f693d3bd"},"headline":"Persona vs P\u00fablico-Alvo: por que definir corretamente muda os resultados do seu marketing","datePublished":"2025-06-04T15:34:00+00:00","dateModified":"2025-12-28T18:13:52+00:00","mainEntityOfPage":{"@id":"https:\/\/apoioaempresas.pt\/en\/persona-vs-publico-alvo\/"},"wordCount":1335,"publisher":{"@id":"https:\/\/apoioaempresas.pt\/en\/#organization"},"image":{"@id":"https:\/\/apoioaempresas.pt\/en\/persona-vs-publico-alvo\/#primaryimage"},"thumbnailUrl":"https:\/\/apoioaempresas.pt\/wp-content\/uploads\/2025\/09\/persona-vs-publico-alvo.webp","articleSection":["Comunica\u00e7\u00e3o Empresarial"],"inLanguage":"en-US"},{"@type":"WebPage","@id":"https:\/\/apoioaempresas.pt\/en\/persona-vs-publico-alvo\/","url":"https:\/\/apoioaempresas.pt\/en\/persona-vs-publico-alvo\/","name":"Persona vs. P\u00fablico-Alvo: A defini\u00e7\u00e3o que alavanca o seu neg\u00f3cio!","isPartOf":{"@id":"https:\/\/apoioaempresas.pt\/en\/#website"},"primaryImageOfPage":{"@id":"https:\/\/apoioaempresas.pt\/en\/persona-vs-publico-alvo\/#primaryimage"},"image":{"@id":"https:\/\/apoioaempresas.pt\/en\/persona-vs-publico-alvo\/#primaryimage"},"thumbnailUrl":"https:\/\/apoioaempresas.pt\/wp-content\/uploads\/2025\/09\/persona-vs-publico-alvo.webp","datePublished":"2025-06-04T15:34:00+00:00","dateModified":"2025-12-28T18:13:52+00:00","description":"Persona vs p\u00fablico-alvo: entenda a diferen\u00e7a fundamental para o seu neg\u00f3cio. Aprenda a criar personas e veja como isso aumenta a convers\u00e3o.","breadcrumb":{"@id":"https:\/\/apoioaempresas.pt\/en\/persona-vs-publico-alvo\/#breadcrumb"},"inLanguage":"en-US","potentialAction":[{"@type":"ReadAction","target":["https:\/\/apoioaempresas.pt\/en\/persona-vs-publico-alvo\/"]}]},{"@type":"ImageObject","inLanguage":"en-US","@id":"https:\/\/apoioaempresas.pt\/en\/persona-vs-publico-alvo\/#primaryimage","url":"https:\/\/apoioaempresas.pt\/wp-content\/uploads\/2025\/09\/persona-vs-publico-alvo.webp","contentUrl":"https:\/\/apoioaempresas.pt\/wp-content\/uploads\/2025\/09\/persona-vs-publico-alvo.webp","width":1000,"height":667,"caption":"Persona vs p\u00fablico-alvo: entenda a diferen\u00e7a fundamental para o seu marketing. Aprenda a criar personas eficazes e veja como isso aumenta a convers\u00e3o."},{"@type":"BreadcrumbList","@id":"https:\/\/apoioaempresas.pt\/en\/persona-vs-publico-alvo\/#breadcrumb","itemListElement":[{"@type":"ListItem","position":1,"name":"Home","item":"https:\/\/apoioaempresas.pt\/en\/"},{"@type":"ListItem","position":2,"name":"Persona vs P\u00fablico-Alvo: por que definir corretamente muda os resultados do seu marketing"}]},{"@type":"WebSite","@id":"https:\/\/apoioaempresas.pt\/en\/#website","url":"https:\/\/apoioaempresas.pt\/en\/","name":"Apoio a Empresas","description":"Disponibilizamos uma variedade de servi\u00e7os de apoio a empresas, para desenvolver o seu neg\u00f3cio ou ideia de neg\u00f3cio. Contacte-nos!","publisher":{"@id":"https:\/\/apoioaempresas.pt\/en\/#organization"},"potentialAction":[{"@type":"SearchAction","target":{"@type":"EntryPoint","urlTemplate":"https:\/\/apoioaempresas.pt\/en\/?s={search_term_string}"},"query-input":{"@type":"PropertyValueSpecification","valueRequired":true,"valueName":"search_term_string"}}],"inLanguage":"en-US"},{"@type":"Organization","@id":"https:\/\/apoioaempresas.pt\/en\/#organization","name":"Apoio a Empresas","url":"https:\/\/apoioaempresas.pt\/en\/","logo":{"@type":"ImageObject","inLanguage":"en-US","@id":"https:\/\/apoioaempresas.pt\/en\/#\/schema\/logo\/image\/","url":"https:\/\/apoioaempresas.pt\/wp-content\/uploads\/2023\/07\/Apoio-a-Empresas-Logo-Quadrado.png","contentUrl":"https:\/\/apoioaempresas.pt\/wp-content\/uploads\/2023\/07\/Apoio-a-Empresas-Logo-Quadrado.png","width":500,"height":500,"caption":"Apoio a Empresas"},"image":{"@id":"https:\/\/apoioaempresas.pt\/en\/#\/schema\/logo\/image\/"},"sameAs":["https:\/\/www.facebook.com\/apoioaempresas\/","https:\/\/www.linkedin.com\/company\/apoio-a-empresas\/","https:\/\/www.facebook.com\/apoioaempresascom","https:\/\/www.linkedin.com\/company\/apoioaempresascom\/","https:\/\/www.instagram.com\/apoioaempresascom\/","https:\/\/www.instagram.com\/apoioaempresas.pt\/"]},{"@type":"Person","@id":"https:\/\/apoioaempresas.pt\/en\/#\/schema\/person\/3b85499db65dfd773fa3c4b1f693d3bd","name":"apoioemp","image":{"@type":"ImageObject","inLanguage":"en-US","@id":"https:\/\/apoioaempresas.pt\/en\/#\/schema\/person\/image\/","url":"https:\/\/secure.gravatar.com\/avatar\/4c81012441c6850abc4e1d995232a12521e39469045cd7a58f5461c0fcfced59?s=96&d=mm&r=g","contentUrl":"https:\/\/secure.gravatar.com\/avatar\/4c81012441c6850abc4e1d995232a12521e39469045cd7a58f5461c0fcfced59?s=96&d=mm&r=g","caption":"apoioemp"},"url":"https:\/\/apoioaempresas.pt\/en\/author\/apoioemp\/"}]}},"_links":{"self":[{"href":"https:\/\/apoioaempresas.pt\/en\/wp-json\/wp\/v2\/posts\/3902","targetHints":{"allow":["GET"]}}],"collection":[{"href":"https:\/\/apoioaempresas.pt\/en\/wp-json\/wp\/v2\/posts"}],"about":[{"href":"https:\/\/apoioaempresas.pt\/en\/wp-json\/wp\/v2\/types\/post"}],"author":[{"embeddable":true,"href":"https:\/\/apoioaempresas.pt\/en\/wp-json\/wp\/v2\/users\/2"}],"replies":[{"embeddable":true,"href":"https:\/\/apoioaempresas.pt\/en\/wp-json\/wp\/v2\/comments?post=3902"}],"version-history":[{"count":0,"href":"https:\/\/apoioaempresas.pt\/en\/wp-json\/wp\/v2\/posts\/3902\/revisions"}],"wp:featuredmedia":[{"embeddable":true,"href":"https:\/\/apoioaempresas.pt\/en\/wp-json\/wp\/v2\/media\/3903"}],"wp:attachment":[{"href":"https:\/\/apoioaempresas.pt\/en\/wp-json\/wp\/v2\/media?parent=3902"}],"wp:term":[{"taxonomy":"category","embeddable":true,"href":"https:\/\/apoioaempresas.pt\/en\/wp-json\/wp\/v2\/categories?post=3902"},{"taxonomy":"post_tag","embeddable":true,"href":"https:\/\/apoioaempresas.pt\/en\/wp-json\/wp\/v2\/tags?post=3902"}],"curies":[{"name":"wp","href":"https:\/\/api.w.org\/{rel}","templated":true}]}}