{"id":3222,"date":"2024-11-18T18:41:29","date_gmt":"2024-11-18T18:41:29","guid":{"rendered":"https:\/\/apoioaempresas.pt\/la-comunicacion-empresarial-en-la-internacionalizacion\/"},"modified":"2025-07-09T22:13:33","modified_gmt":"2025-07-09T21:13:33","slug":"la-comunicacion-empresarial-en-la-internacionalizacion","status":"publish","type":"post","link":"https:\/\/apoioaempresas.pt\/es\/la-comunicacion-empresarial-en-la-internacionalizacion\/","title":{"rendered":"Comunicaci\u00f3n Empresarial en la Internacionalizaci\u00f3n"},"content":{"rendered":"\n<p>La comunicaci\u00f3n corporativa es clave para la internacionalizaci\u00f3n. Aprende a adaptar el lenguaje de tu marca a los nuevos mercados y a construir relaciones globales duraderas. <\/p>\n\n\n\n<h2 class=\"wp-block-heading\"><strong>Con\u00e9ctate con el Mundo<\/strong><\/h2>\n\n\n\n<p><a href=\"https:\/\/apoioaempresas.pt\/es\/proyecto-de-inversion-para-la-internacionalizacion\/\">Internacionalizarse<\/a> significa comunicarse con nuevos p\u00fablicos. No se trata s\u00f3lo de traducir: hay que adaptarse, respetar e interconectar las culturas. La comunicaci\u00f3n corporativa es el hilo conductor de la internacionalizaci\u00f3n, de la presencia global de una marca.  <\/p>\n\n\n\n<h3 class=\"wp-block-heading\"><strong>\u00bfPor qu\u00e9 la comunicaci\u00f3n es vital en la expansi\u00f3n internacional?<\/strong><\/h3>\n\n\n\n<p>Una estrategia de comunicaci\u00f3n internacional eficaz permite:<\/p>\n\n\n\n<ul class=\"wp-block-list\">\n<li>Posicionar la marca con claridad;<\/li>\n\n\n\n<li>Prevenir errores culturales o legales;<\/li>\n\n\n\n<li>Fortalecer las relaciones con <em>las partes interesadas<\/em> a nivel mundial;<\/li>\n\n\n\n<li>Garantizar coherencia en el mensaje de la empresa.<\/li>\n<\/ul>\n\n\n\n<p><\/p>\n\n\n\n<h4 class=\"wp-block-heading\"><strong>Componentes esenciales de la comunicaci\u00f3n empresarial internacional<\/strong><\/h4>\n\n\n\n<p><strong>1. Localizaci\u00f3n de contenidos<\/strong><\/p>\n\n\n\n<p>M\u00e1s que traducir: adaptar textos, im\u00e1genes y s\u00edmbolos a cada cultura.<\/p>\n\n\n\n<p><strong>2. Canales adecuados para cada mercado<\/strong><\/p>\n\n\n\n<p>Utiliza los medios preferidos del p\u00fablico objetivo (redes sociales, apps, medios locales).<\/p>\n\n\n\n<p><strong>3. Comunicaci\u00f3n interna alineada<\/strong><\/p>\n\n\n\n<p>Unifica mensajes entre equipos multiculturales y oficinas internacionales.<\/p>\n\n\n\n<p><strong>4. Formaci\u00f3n intercultural<\/strong><\/p>\n\n\n\n<p>Prepara a los equipos para negociaciones, relaciones institucionales y atenci\u00f3n al cliente.<\/p>\n\n\n\n<p><strong>5. Coherencia y autenticidad<\/strong><\/p>\n\n\n\n<p>Ajusta la forma, pero mant\u00e9n los valores fundamentales de la marca.<\/p>\n\n\n\n<p><strong>\u00bfEst\u00e1 tu marca lista para hacerse o\u00edr m\u00e1s all\u00e1 de las fronteras?<\/strong><\/p>\n\n\n\n<p><strong>Te ayudamos a comunicar a nivel global, con confianza y autenticidad.<\/strong><\/p>\n","protected":false},"excerpt":{"rendered":"<p>La comunicaci\u00f3n corporativa es clave para la internacionalizaci\u00f3n. Aprende a adaptar el lenguaje de tu marca a los nuevos mercados y a construir relaciones globales duraderas. Con\u00e9ctate con el Mundo Internacionalizarse significa comunicarse con nuevos p\u00fablicos. No se trata s\u00f3lo de traducir: hay que adaptarse, respetar e interconectar las culturas. La comunicaci\u00f3n corporativa es el&hellip;<\/p>\n","protected":false},"author":2,"featured_media":3509,"comment_status":"closed","ping_status":"closed","sticky":false,"template":"","format":"standard","meta":{"footnotes":""},"categories":[69],"tags":[],"class_list":["post-3222","post","type-post","status-publish","format-standard","has-post-thumbnail","hentry","category-comunicacion-corporativa","category-69","description-off"],"yoast_head":"<!-- This site is optimized with the Yoast SEO plugin v26.6 - https:\/\/yoast.com\/wordpress\/plugins\/seo\/ -->\n<title>Comunicaci\u00f3n Empresarial en la Internacionalizaci\u00f3n<\/title>\n<meta name=\"description\" content=\"Comunicaci\u00f3n Empresarial en Internacionalizaci\u00f3n, Aprende a adaptar el lenguaje de tu marca a nuevos mercados y relaciones.\" \/>\n<meta name=\"robots\" content=\"index, follow, max-snippet:-1, max-image-preview:large, max-video-preview:-1\" \/>\n<link rel=\"canonical\" href=\"https:\/\/apoioaempresas.pt\/es\/la-comunicacion-empresarial-en-la-internacionalizacion\/\" \/>\n<meta property=\"og:locale\" content=\"es_ES\" \/>\n<meta property=\"og:type\" content=\"article\" \/>\n<meta property=\"og:title\" content=\"Comunicaci\u00f3n Empresarial en la Internacionalizaci\u00f3n\" \/>\n<meta property=\"og:description\" content=\"Comunicaci\u00f3n Empresarial en Internacionalizaci\u00f3n, Aprende a adaptar el lenguaje de tu marca a nuevos mercados y relaciones.\" \/>\n<meta property=\"og:url\" content=\"https:\/\/apoioaempresas.pt\/es\/la-comunicacion-empresarial-en-la-internacionalizacion\/\" \/>\n<meta property=\"og:site_name\" content=\"Apoio a Empresas\" \/>\n<meta property=\"article:publisher\" content=\"https:\/\/www.facebook.com\/apoioaempresas\/\" \/>\n<meta property=\"article:published_time\" content=\"2024-11-18T18:41:29+00:00\" \/>\n<meta property=\"article:modified_time\" content=\"2025-07-09T21:13:33+00:00\" \/>\n<meta property=\"og:image\" content=\"https:\/\/apoioaempresas.pt\/wp-content\/uploads\/2025\/07\/comunicacao-empresarial-internacionalizacao.jpg\" \/>\n\t<meta property=\"og:image:width\" content=\"640\" \/>\n\t<meta property=\"og:image:height\" content=\"360\" \/>\n\t<meta property=\"og:image:type\" content=\"image\/jpeg\" \/>\n<meta name=\"author\" content=\"apoioemp\" \/>\n<meta name=\"twitter:card\" content=\"summary_large_image\" \/>\n<meta name=\"twitter:label1\" content=\"Escrito por\" \/>\n\t<meta name=\"twitter:data1\" content=\"apoioemp\" \/>\n\t<meta name=\"twitter:label2\" content=\"Tiempo de lectura\" \/>\n\t<meta name=\"twitter:data2\" content=\"1 minuto\" \/>\n<script type=\"application\/ld+json\" class=\"yoast-schema-graph\">{\"@context\":\"https:\/\/schema.org\",\"@graph\":[{\"@type\":\"Article\",\"@id\":\"https:\/\/apoioaempresas.pt\/es\/la-comunicacion-empresarial-en-la-internacionalizacion\/#article\",\"isPartOf\":{\"@id\":\"https:\/\/apoioaempresas.pt\/es\/la-comunicacion-empresarial-en-la-internacionalizacion\/\"},\"author\":{\"name\":\"apoioemp\",\"@id\":\"https:\/\/apoioaempresas.pt\/es\/#\/schema\/person\/3b85499db65dfd773fa3c4b1f693d3bd\"},\"headline\":\"Comunicaci\u00f3n Empresarial en la Internacionalizaci\u00f3n\",\"datePublished\":\"2024-11-18T18:41:29+00:00\",\"dateModified\":\"2025-07-09T21:13:33+00:00\",\"mainEntityOfPage\":{\"@id\":\"https:\/\/apoioaempresas.pt\/es\/la-comunicacion-empresarial-en-la-internacionalizacion\/\"},\"wordCount\":241,\"publisher\":{\"@id\":\"https:\/\/apoioaempresas.pt\/es\/#organization\"},\"image\":{\"@id\":\"https:\/\/apoioaempresas.pt\/es\/la-comunicacion-empresarial-en-la-internacionalizacion\/#primaryimage\"},\"thumbnailUrl\":\"https:\/\/apoioaempresas.pt\/wp-content\/uploads\/2025\/07\/comunicacao-empresarial-internacionalizacao.jpg\",\"articleSection\":[\"Comunicaci\u00f3n corporativa\"],\"inLanguage\":\"es\"},{\"@type\":\"WebPage\",\"@id\":\"https:\/\/apoioaempresas.pt\/es\/la-comunicacion-empresarial-en-la-internacionalizacion\/\",\"url\":\"https:\/\/apoioaempresas.pt\/es\/la-comunicacion-empresarial-en-la-internacionalizacion\/\",\"name\":\"Comunicaci\u00f3n Empresarial en la Internacionalizaci\u00f3n\",\"isPartOf\":{\"@id\":\"https:\/\/apoioaempresas.pt\/es\/#website\"},\"primaryImageOfPage\":{\"@id\":\"https:\/\/apoioaempresas.pt\/es\/la-comunicacion-empresarial-en-la-internacionalizacion\/#primaryimage\"},\"image\":{\"@id\":\"https:\/\/apoioaempresas.pt\/es\/la-comunicacion-empresarial-en-la-internacionalizacion\/#primaryimage\"},\"thumbnailUrl\":\"https:\/\/apoioaempresas.pt\/wp-content\/uploads\/2025\/07\/comunicacao-empresarial-internacionalizacao.jpg\",\"datePublished\":\"2024-11-18T18:41:29+00:00\",\"dateModified\":\"2025-07-09T21:13:33+00:00\",\"description\":\"Comunicaci\u00f3n Empresarial en Internacionalizaci\u00f3n, Aprende a adaptar el lenguaje de tu marca a nuevos mercados y relaciones.\",\"breadcrumb\":{\"@id\":\"https:\/\/apoioaempresas.pt\/es\/la-comunicacion-empresarial-en-la-internacionalizacion\/#breadcrumb\"},\"inLanguage\":\"es\",\"potentialAction\":[{\"@type\":\"ReadAction\",\"target\":[\"https:\/\/apoioaempresas.pt\/es\/la-comunicacion-empresarial-en-la-internacionalizacion\/\"]}]},{\"@type\":\"ImageObject\",\"inLanguage\":\"es\",\"@id\":\"https:\/\/apoioaempresas.pt\/es\/la-comunicacion-empresarial-en-la-internacionalizacion\/#primaryimage\",\"url\":\"https:\/\/apoioaempresas.pt\/wp-content\/uploads\/2025\/07\/comunicacao-empresarial-internacionalizacao.jpg\",\"contentUrl\":\"https:\/\/apoioaempresas.pt\/wp-content\/uploads\/2025\/07\/comunicacao-empresarial-internacionalizacao.jpg\",\"width\":640,\"height\":360,\"caption\":\"Comunica\u00e7\u00e3o Empresarial na Internacionaliza\u00e7\u00e3o\"},{\"@type\":\"BreadcrumbList\",\"@id\":\"https:\/\/apoioaempresas.pt\/es\/la-comunicacion-empresarial-en-la-internacionalizacion\/#breadcrumb\",\"itemListElement\":[{\"@type\":\"ListItem\",\"position\":1,\"name\":\"Home\",\"item\":\"https:\/\/apoioaempresas.pt\/es\/\"},{\"@type\":\"ListItem\",\"position\":2,\"name\":\"Comunicaci\u00f3n Empresarial en la Internacionalizaci\u00f3n\"}]},{\"@type\":\"WebSite\",\"@id\":\"https:\/\/apoioaempresas.pt\/es\/#website\",\"url\":\"https:\/\/apoioaempresas.pt\/es\/\",\"name\":\"Apoio a Empresas\",\"description\":\"Disponibilizamos uma variedade de servi\u00e7os de apoio a empresas, para desenvolver o seu neg\u00f3cio ou ideia de neg\u00f3cio. Contacte-nos!\",\"publisher\":{\"@id\":\"https:\/\/apoioaempresas.pt\/es\/#organization\"},\"potentialAction\":[{\"@type\":\"SearchAction\",\"target\":{\"@type\":\"EntryPoint\",\"urlTemplate\":\"https:\/\/apoioaempresas.pt\/es\/?s={search_term_string}\"},\"query-input\":{\"@type\":\"PropertyValueSpecification\",\"valueRequired\":true,\"valueName\":\"search_term_string\"}}],\"inLanguage\":\"es\"},{\"@type\":\"Organization\",\"@id\":\"https:\/\/apoioaempresas.pt\/es\/#organization\",\"name\":\"Apoio a Empresas\",\"url\":\"https:\/\/apoioaempresas.pt\/es\/\",\"logo\":{\"@type\":\"ImageObject\",\"inLanguage\":\"es\",\"@id\":\"https:\/\/apoioaempresas.pt\/es\/#\/schema\/logo\/image\/\",\"url\":\"https:\/\/apoioaempresas.pt\/wp-content\/uploads\/2023\/07\/Apoio-a-Empresas-Logo-Quadrado.png\",\"contentUrl\":\"https:\/\/apoioaempresas.pt\/wp-content\/uploads\/2023\/07\/Apoio-a-Empresas-Logo-Quadrado.png\",\"width\":500,\"height\":500,\"caption\":\"Apoio a Empresas\"},\"image\":{\"@id\":\"https:\/\/apoioaempresas.pt\/es\/#\/schema\/logo\/image\/\"},\"sameAs\":[\"https:\/\/www.facebook.com\/apoioaempresas\/\",\"https:\/\/www.linkedin.com\/company\/apoio-a-empresas\/\",\"https:\/\/www.facebook.com\/apoioaempresascom\",\"https:\/\/www.linkedin.com\/company\/apoioaempresascom\/\",\"https:\/\/www.instagram.com\/apoioaempresascom\/\",\"https:\/\/www.instagram.com\/apoioaempresas.pt\/\"]},{\"@type\":\"Person\",\"@id\":\"https:\/\/apoioaempresas.pt\/es\/#\/schema\/person\/3b85499db65dfd773fa3c4b1f693d3bd\",\"name\":\"apoioemp\",\"image\":{\"@type\":\"ImageObject\",\"inLanguage\":\"es\",\"@id\":\"https:\/\/apoioaempresas.pt\/es\/#\/schema\/person\/image\/\",\"url\":\"https:\/\/secure.gravatar.com\/avatar\/4c81012441c6850abc4e1d995232a12521e39469045cd7a58f5461c0fcfced59?s=96&d=mm&r=g\",\"contentUrl\":\"https:\/\/secure.gravatar.com\/avatar\/4c81012441c6850abc4e1d995232a12521e39469045cd7a58f5461c0fcfced59?s=96&d=mm&r=g\",\"caption\":\"apoioemp\"},\"url\":\"https:\/\/apoioaempresas.pt\/es\/author\/apoioemp\/\"}]}<\/script>\n<!-- \/ Yoast SEO plugin. -->","yoast_head_json":{"title":"Comunicaci\u00f3n Empresarial en la Internacionalizaci\u00f3n","description":"Comunicaci\u00f3n Empresarial en Internacionalizaci\u00f3n, Aprende a adaptar el lenguaje de tu marca a nuevos mercados y relaciones.","robots":{"index":"index","follow":"follow","max-snippet":"max-snippet:-1","max-image-preview":"max-image-preview:large","max-video-preview":"max-video-preview:-1"},"canonical":"https:\/\/apoioaempresas.pt\/es\/la-comunicacion-empresarial-en-la-internacionalizacion\/","og_locale":"es_ES","og_type":"article","og_title":"Comunicaci\u00f3n Empresarial en la Internacionalizaci\u00f3n","og_description":"Comunicaci\u00f3n Empresarial en Internacionalizaci\u00f3n, Aprende a adaptar el lenguaje de tu marca a nuevos mercados y relaciones.","og_url":"https:\/\/apoioaempresas.pt\/es\/la-comunicacion-empresarial-en-la-internacionalizacion\/","og_site_name":"Apoio a Empresas","article_publisher":"https:\/\/www.facebook.com\/apoioaempresas\/","article_published_time":"2024-11-18T18:41:29+00:00","article_modified_time":"2025-07-09T21:13:33+00:00","og_image":[{"width":640,"height":360,"url":"https:\/\/apoioaempresas.pt\/wp-content\/uploads\/2025\/07\/comunicacao-empresarial-internacionalizacao.jpg","type":"image\/jpeg"}],"author":"apoioemp","twitter_card":"summary_large_image","twitter_misc":{"Escrito por":"apoioemp","Tiempo de lectura":"1 minuto"},"schema":{"@context":"https:\/\/schema.org","@graph":[{"@type":"Article","@id":"https:\/\/apoioaempresas.pt\/es\/la-comunicacion-empresarial-en-la-internacionalizacion\/#article","isPartOf":{"@id":"https:\/\/apoioaempresas.pt\/es\/la-comunicacion-empresarial-en-la-internacionalizacion\/"},"author":{"name":"apoioemp","@id":"https:\/\/apoioaempresas.pt\/es\/#\/schema\/person\/3b85499db65dfd773fa3c4b1f693d3bd"},"headline":"Comunicaci\u00f3n Empresarial en la Internacionalizaci\u00f3n","datePublished":"2024-11-18T18:41:29+00:00","dateModified":"2025-07-09T21:13:33+00:00","mainEntityOfPage":{"@id":"https:\/\/apoioaempresas.pt\/es\/la-comunicacion-empresarial-en-la-internacionalizacion\/"},"wordCount":241,"publisher":{"@id":"https:\/\/apoioaempresas.pt\/es\/#organization"},"image":{"@id":"https:\/\/apoioaempresas.pt\/es\/la-comunicacion-empresarial-en-la-internacionalizacion\/#primaryimage"},"thumbnailUrl":"https:\/\/apoioaempresas.pt\/wp-content\/uploads\/2025\/07\/comunicacao-empresarial-internacionalizacao.jpg","articleSection":["Comunicaci\u00f3n corporativa"],"inLanguage":"es"},{"@type":"WebPage","@id":"https:\/\/apoioaempresas.pt\/es\/la-comunicacion-empresarial-en-la-internacionalizacion\/","url":"https:\/\/apoioaempresas.pt\/es\/la-comunicacion-empresarial-en-la-internacionalizacion\/","name":"Comunicaci\u00f3n Empresarial en la Internacionalizaci\u00f3n","isPartOf":{"@id":"https:\/\/apoioaempresas.pt\/es\/#website"},"primaryImageOfPage":{"@id":"https:\/\/apoioaempresas.pt\/es\/la-comunicacion-empresarial-en-la-internacionalizacion\/#primaryimage"},"image":{"@id":"https:\/\/apoioaempresas.pt\/es\/la-comunicacion-empresarial-en-la-internacionalizacion\/#primaryimage"},"thumbnailUrl":"https:\/\/apoioaempresas.pt\/wp-content\/uploads\/2025\/07\/comunicacao-empresarial-internacionalizacao.jpg","datePublished":"2024-11-18T18:41:29+00:00","dateModified":"2025-07-09T21:13:33+00:00","description":"Comunicaci\u00f3n Empresarial en Internacionalizaci\u00f3n, Aprende a adaptar el lenguaje de tu marca a nuevos mercados y relaciones.","breadcrumb":{"@id":"https:\/\/apoioaempresas.pt\/es\/la-comunicacion-empresarial-en-la-internacionalizacion\/#breadcrumb"},"inLanguage":"es","potentialAction":[{"@type":"ReadAction","target":["https:\/\/apoioaempresas.pt\/es\/la-comunicacion-empresarial-en-la-internacionalizacion\/"]}]},{"@type":"ImageObject","inLanguage":"es","@id":"https:\/\/apoioaempresas.pt\/es\/la-comunicacion-empresarial-en-la-internacionalizacion\/#primaryimage","url":"https:\/\/apoioaempresas.pt\/wp-content\/uploads\/2025\/07\/comunicacao-empresarial-internacionalizacao.jpg","contentUrl":"https:\/\/apoioaempresas.pt\/wp-content\/uploads\/2025\/07\/comunicacao-empresarial-internacionalizacao.jpg","width":640,"height":360,"caption":"Comunica\u00e7\u00e3o Empresarial na Internacionaliza\u00e7\u00e3o"},{"@type":"BreadcrumbList","@id":"https:\/\/apoioaempresas.pt\/es\/la-comunicacion-empresarial-en-la-internacionalizacion\/#breadcrumb","itemListElement":[{"@type":"ListItem","position":1,"name":"Home","item":"https:\/\/apoioaempresas.pt\/es\/"},{"@type":"ListItem","position":2,"name":"Comunicaci\u00f3n Empresarial en la Internacionalizaci\u00f3n"}]},{"@type":"WebSite","@id":"https:\/\/apoioaempresas.pt\/es\/#website","url":"https:\/\/apoioaempresas.pt\/es\/","name":"Apoio a Empresas","description":"Disponibilizamos uma variedade de servi\u00e7os de apoio a empresas, para desenvolver o seu neg\u00f3cio ou ideia de neg\u00f3cio. Contacte-nos!","publisher":{"@id":"https:\/\/apoioaempresas.pt\/es\/#organization"},"potentialAction":[{"@type":"SearchAction","target":{"@type":"EntryPoint","urlTemplate":"https:\/\/apoioaempresas.pt\/es\/?s={search_term_string}"},"query-input":{"@type":"PropertyValueSpecification","valueRequired":true,"valueName":"search_term_string"}}],"inLanguage":"es"},{"@type":"Organization","@id":"https:\/\/apoioaempresas.pt\/es\/#organization","name":"Apoio a Empresas","url":"https:\/\/apoioaempresas.pt\/es\/","logo":{"@type":"ImageObject","inLanguage":"es","@id":"https:\/\/apoioaempresas.pt\/es\/#\/schema\/logo\/image\/","url":"https:\/\/apoioaempresas.pt\/wp-content\/uploads\/2023\/07\/Apoio-a-Empresas-Logo-Quadrado.png","contentUrl":"https:\/\/apoioaempresas.pt\/wp-content\/uploads\/2023\/07\/Apoio-a-Empresas-Logo-Quadrado.png","width":500,"height":500,"caption":"Apoio a Empresas"},"image":{"@id":"https:\/\/apoioaempresas.pt\/es\/#\/schema\/logo\/image\/"},"sameAs":["https:\/\/www.facebook.com\/apoioaempresas\/","https:\/\/www.linkedin.com\/company\/apoio-a-empresas\/","https:\/\/www.facebook.com\/apoioaempresascom","https:\/\/www.linkedin.com\/company\/apoioaempresascom\/","https:\/\/www.instagram.com\/apoioaempresascom\/","https:\/\/www.instagram.com\/apoioaempresas.pt\/"]},{"@type":"Person","@id":"https:\/\/apoioaempresas.pt\/es\/#\/schema\/person\/3b85499db65dfd773fa3c4b1f693d3bd","name":"apoioemp","image":{"@type":"ImageObject","inLanguage":"es","@id":"https:\/\/apoioaempresas.pt\/es\/#\/schema\/person\/image\/","url":"https:\/\/secure.gravatar.com\/avatar\/4c81012441c6850abc4e1d995232a12521e39469045cd7a58f5461c0fcfced59?s=96&d=mm&r=g","contentUrl":"https:\/\/secure.gravatar.com\/avatar\/4c81012441c6850abc4e1d995232a12521e39469045cd7a58f5461c0fcfced59?s=96&d=mm&r=g","caption":"apoioemp"},"url":"https:\/\/apoioaempresas.pt\/es\/author\/apoioemp\/"}]}},"_links":{"self":[{"href":"https:\/\/apoioaempresas.pt\/es\/wp-json\/wp\/v2\/posts\/3222","targetHints":{"allow":["GET"]}}],"collection":[{"href":"https:\/\/apoioaempresas.pt\/es\/wp-json\/wp\/v2\/posts"}],"about":[{"href":"https:\/\/apoioaempresas.pt\/es\/wp-json\/wp\/v2\/types\/post"}],"author":[{"embeddable":true,"href":"https:\/\/apoioaempresas.pt\/es\/wp-json\/wp\/v2\/users\/2"}],"replies":[{"embeddable":true,"href":"https:\/\/apoioaempresas.pt\/es\/wp-json\/wp\/v2\/comments?post=3222"}],"version-history":[{"count":0,"href":"https:\/\/apoioaempresas.pt\/es\/wp-json\/wp\/v2\/posts\/3222\/revisions"}],"wp:featuredmedia":[{"embeddable":true,"href":"https:\/\/apoioaempresas.pt\/es\/wp-json\/wp\/v2\/media\/3509"}],"wp:attachment":[{"href":"https:\/\/apoioaempresas.pt\/es\/wp-json\/wp\/v2\/media?parent=3222"}],"wp:term":[{"taxonomy":"category","embeddable":true,"href":"https:\/\/apoioaempresas.pt\/es\/wp-json\/wp\/v2\/categories?post=3222"},{"taxonomy":"post_tag","embeddable":true,"href":"https:\/\/apoioaempresas.pt\/es\/wp-json\/wp\/v2\/tags?post=3222"}],"curies":[{"name":"wp","href":"https:\/\/api.w.org\/{rel}","templated":true}]}}