{"id":4160,"date":"2025-05-14T16:00:00","date_gmt":"2025-05-14T15:00:00","guid":{"rendered":"https:\/\/apoioaempresas.pt\/alquiler-de-salas-de-reuniones-solucion-flexible-eficiente-y-estrategica\/"},"modified":"2025-06-22T16:00:00","modified_gmt":"2025-06-22T15:00:00","slug":"alquiler-de-salas-de-reuniones-solucion-flexible-eficiente-y-estrategica","status":"publish","type":"post","link":"https:\/\/apoioaempresas.pt\/es\/alquiler-de-salas-de-reuniones-solucion-flexible-eficiente-y-estrategica\/","title":{"rendered":"Alquiler de Salas de Reuniones: soluci\u00f3n flexible, eficiente y estrat\u00e9gica"},"content":{"rendered":"\n<p>El alquiler de salas de reuniones se ha consolidado como una soluci\u00f3n esencial para empresas que desean establecerse en Portugal. Es una alternativa flexible, eficiente y estrat\u00e9gica, que permite a nuestros socios disponer de un espacio de conferencias con clientes sin asumir, de inmediato, costes inmobiliarios significativos. Este modelo permite a las organizaciones iniciar operaciones locales en tiempo r\u00e9cord, benefici\u00e1ndose de espacios modernos y servicios integrados, al mismo tiempo que mantienen un control total sobre sus inversiones.   <\/p>\n\n\n\n<p>Apoio a Empresas se posiciona como un socio estrat\u00e9gico, ofreciendo no solo espacios premium, sino tambi\u00e9n asesoramiento especializado para maximizar resultados en cualquier fase de internacionalizaci\u00f3n.<\/p>\n\n\n\n<h2 class=\"wp-block-heading\">\u00bfEn qu\u00e9 consiste el alquiler de salas de reuniones?<\/h2>\n\n\n\n<p>Cuando hablamos de alquiler de salas, nos referimos a la contrataci\u00f3n temporal de espacios corporativos ya equipados para diversos fines. Desde reuniones ejecutivas hasta formaciones internas, workshops, presentaciones a clientes o eventos de debate. Disponibles en centros de negocios en las principales ciudades portuguesas, estas salas cuentan con infraestructuras esenciales (mobiliario ergon\u00f3mico, conexi\u00f3n de banda ancha, aire acondicionado), equipos audiovisuales de \u00faltima generaci\u00f3n (proyectores, sistemas de videoconferencia, altavoces) y servicios de apoyo (recepci\u00f3n, asistencia administrativa, coffee break y catering personalizado).  <\/p>\n\n\n\n<p>Esta l\u00ednea de negocio, adoptada desde hace tiempo por Apoio a Empresas, ofrece una soluci\u00f3n diferenciadora para empresas que comienzan su inversi\u00f3n en Portugal. As\u00ed, se elimina la necesidad de licencias, obras o adquisici\u00f3n de mobiliario, permitiendo que las empresas se concentren por completo en sus objetivos. <\/p>\n\n\n\n<h2 class=\"wp-block-heading\">Costes y beneficios del alquiler de salas de reuniones<\/h2>\n\n\n\n<p>Optar por el alquiler de salas se traduce en una reducci\u00f3n significativa de costes iniciales y gastos fijos. Al evitar la compra o el arrendamiento a largo plazo de un inmueble, las empresas eliminan gastos de mantenimiento, limpieza, seguridad y seguros, y tambi\u00e9n reducen la burocracia asociada a la gesti\u00f3n de instalaciones. El modelo pay-per-use asegura que solo se paga por los periodos de uso efectivo, adapt\u00e1ndose a la estacionalidad de la actividad y evitando costes ociosos.   <\/p>\n\n\n\n<p>Por otra parte, los beneficios son m\u00faltiples. La flexibilidad operativa permite seleccionar el espacio m\u00e1s adecuado, ya sea una sala privada para reuniones del consejo de administraci\u00f3n o un auditorio para presentaciones a decenas de participantes. Y, por supuesto, ajustar el n\u00famero de reservas seg\u00fan el crecimiento del equipo o la complejidad de los proyectos. La ubicaci\u00f3n estrat\u00e9gica de estos centros, a menudo cerca de transporte p\u00fablico, aeropuertos y zonas empresariales, refuerza la imagen corporativa y facilita el acceso a clientes y socios. Adem\u00e1s, la escalabilidad financiera y operativa garantiza que cualquier expansi\u00f3n de actividades o cambios puntuales en la demanda de espacio se puedan gestionar sin penalizaciones contractuales.    <\/p>\n\n\n\n<h3 class=\"wp-block-heading\">Ejemplos pr\u00e1cticos de aplicaci\u00f3n<\/h3>\n\n\n\n<p>Considere, por ejemplo, el caso de una consultora espa\u00f1ola que decide abrir una filial en Oporto. En lugar de invertir en una instalaci\u00f3n f\u00edsica fija, la empresa recurre al alquiler de salas para realizar reuniones de prospecci\u00f3n de clientes y sesiones de formaci\u00f3n de equipo. Con este enfoque, ahorra en costes fijos durante el primer a\u00f1o y detecta en tiempo real el espacio ideal para su expansi\u00f3n.  <\/p>\n\n\n\n<p>En otro caso, un consorcio de startups francesas planea un roadshow de presentaciones a inversores en varias ciudades portuguesas. Al reservar salas equipadas en Braga, Oporto y Co\u00edmbra, el grupo se beneficia de la rapidez de movilizaci\u00f3n, la consistencia del equipamiento audiovisual y el apoyo log\u00edstico local, asegurando que cada sesi\u00f3n se realice sin contratiempos y que la imagen de cada startup se refuerce ante los posibles inversores. <\/p>\n\n\n\n<h2 class=\"wp-block-heading\">Ventajas concretas para empresas que se internacionalizan<\/h2>\n\n\n\n<p>El alquiler de salas en Portugal ofrece cinco grandes ventajas para empresas extranjeras. En primer lugar, la implementaci\u00f3n es casi inmediata: en 24 a 48 horas, el espacio est\u00e1 disponible y listo para usar. Luego, reciben apoyo personalizado de equipos experimentados que se encargan de todos los detalles, desde la configuraci\u00f3n t\u00e9cnica hasta el servicio de catering con su propia marca. Finalmente, la ubicaci\u00f3n central de los centros de negocios facilita el acceso a los equipos locales y visitantes, potenciando eventos mixtos presenciales y remotos v\u00eda videoconferencia.   <\/p>\n\n\n\n<p>As\u00ed, la personalizaci\u00f3n de servicios permite crear ambientes de trabajo o eventos alineados con la identidad corporativa, reforzando la percepci\u00f3n de profesionalismo. Es decir, la escalabilidad financiera y operativa asegura que, a medida que el negocio crece, el espacio contratado evolucione en la misma proporci\u00f3n. <\/p>\n\n\n\n<p><\/p>\n\n\n\n<p>En resumen, el alquiler de salas representa una soluci\u00f3n inteligente, econ\u00f3mica y sin riesgos para empresas francesas y espa\u00f1olas que desean internacionalizarse en Portugal. <a href=\"https:\/\/apoioaempresas.pt\/es\/\">Apoio a Empresas<\/a>, con su red de centros de negocios en Lisboa, Oporto y Maia, ofrece espacios <em>premium<\/em>, servicios integrados y asesoramiento estrat\u00e9gico durante todo el proceso de expansi\u00f3n. <\/p>\n\n\n\n<p><a href=\"https:\/\/apoioaempresas.pt\/es\/contactos\/\">Cont\u00e1ctenos<\/a> hoy mismo para agendar una visita y descubrir c\u00f3mo podemos convertir el alquiler de salas en un verdadero catalizador de su \u00e9xito internacional.<\/p>\n","protected":false},"excerpt":{"rendered":"<p>El alquiler de salas de reuniones se ha consolidado como una soluci\u00f3n esencial para empresas que desean establecerse en Portugal. Es una alternativa flexible, eficiente y estrat\u00e9gica, que permite a nuestros socios disponer de un espacio de conferencias con clientes sin asumir, de inmediato, costes inmobiliarios significativos. Este modelo permite a las organizaciones iniciar operaciones&hellip;<\/p>\n","protected":false},"author":2,"featured_media":3642,"comment_status":"closed","ping_status":"closed","sticky":false,"template":"","format":"standard","meta":{"footnotes":""},"categories":[50],"tags":[],"class_list":["post-4160","post","type-post","status-publish","format-standard","has-post-thumbnail","hentry","category-apoyo-a-la-internacionalizacion","category-50","description-off"],"yoast_head":"<!-- This site is optimized with the Yoast SEO plugin v26.6 - https:\/\/yoast.com\/wordpress\/plugins\/seo\/ -->\n<title>Alquiler de Salas de Reuniones | M\u00e1s informaci\u00f3n en Apoio a Empresas<\/title>\n<meta name=\"description\" content=\"El alquiler de salas de reuniones con Apoio a Empresas es una soluci\u00f3n inteligente y econ\u00f3mica para empresas que quieren invertir en Portugal.\" \/>\n<meta name=\"robots\" content=\"index, follow, max-snippet:-1, max-image-preview:large, max-video-preview:-1\" \/>\n<link rel=\"canonical\" href=\"https:\/\/apoioaempresas.pt\/es\/alquiler-de-salas-de-reuniones-solucion-flexible-eficiente-y-estrategica\/\" \/>\n<meta property=\"og:locale\" content=\"es_ES\" \/>\n<meta property=\"og:type\" content=\"article\" \/>\n<meta property=\"og:title\" content=\"Alquiler de Salas de Reuniones | M\u00e1s informaci\u00f3n en Apoio a Empresas\" \/>\n<meta property=\"og:description\" content=\"El alquiler de salas de reuniones con Apoio a Empresas es una soluci\u00f3n inteligente y econ\u00f3mica para empresas que quieren invertir en Portugal.\" \/>\n<meta property=\"og:url\" content=\"https:\/\/apoioaempresas.pt\/es\/alquiler-de-salas-de-reuniones-solucion-flexible-eficiente-y-estrategica\/\" \/>\n<meta property=\"og:site_name\" content=\"Apoio a Empresas\" \/>\n<meta property=\"article:publisher\" content=\"https:\/\/www.facebook.com\/apoioaempresas\/\" \/>\n<meta property=\"article:published_time\" content=\"2025-05-14T15:00:00+00:00\" \/>\n<meta property=\"article:modified_time\" content=\"2025-06-22T15:00:00+00:00\" \/>\n<meta property=\"og:image\" content=\"https:\/\/apoioaempresas.pt\/wp-content\/uploads\/2025\/07\/aluguer-de-salas-de-reunioes.jpg\" \/>\n\t<meta property=\"og:image:width\" content=\"1200\" \/>\n\t<meta property=\"og:image:height\" content=\"800\" \/>\n\t<meta property=\"og:image:type\" content=\"image\/jpeg\" \/>\n<meta name=\"author\" content=\"apoioemp\" \/>\n<meta name=\"twitter:card\" content=\"summary_large_image\" \/>\n<meta name=\"twitter:label1\" content=\"Escrito por\" \/>\n\t<meta name=\"twitter:data1\" content=\"apoioemp\" \/>\n\t<meta name=\"twitter:label2\" content=\"Tiempo de lectura\" \/>\n\t<meta name=\"twitter:data2\" content=\"4 minutos\" \/>\n<script type=\"application\/ld+json\" class=\"yoast-schema-graph\">{\"@context\":\"https:\/\/schema.org\",\"@graph\":[{\"@type\":\"Article\",\"@id\":\"https:\/\/apoioaempresas.pt\/es\/alquiler-de-salas-de-reuniones-solucion-flexible-eficiente-y-estrategica\/#article\",\"isPartOf\":{\"@id\":\"https:\/\/apoioaempresas.pt\/es\/alquiler-de-salas-de-reuniones-solucion-flexible-eficiente-y-estrategica\/\"},\"author\":{\"name\":\"apoioemp\",\"@id\":\"https:\/\/apoioaempresas.pt\/es\/#\/schema\/person\/3b85499db65dfd773fa3c4b1f693d3bd\"},\"headline\":\"Alquiler de Salas de Reuniones: soluci\u00f3n flexible, eficiente y estrat\u00e9gica\",\"datePublished\":\"2025-05-14T15:00:00+00:00\",\"dateModified\":\"2025-06-22T15:00:00+00:00\",\"mainEntityOfPage\":{\"@id\":\"https:\/\/apoioaempresas.pt\/es\/alquiler-de-salas-de-reuniones-solucion-flexible-eficiente-y-estrategica\/\"},\"wordCount\":857,\"publisher\":{\"@id\":\"https:\/\/apoioaempresas.pt\/es\/#organization\"},\"image\":{\"@id\":\"https:\/\/apoioaempresas.pt\/es\/alquiler-de-salas-de-reuniones-solucion-flexible-eficiente-y-estrategica\/#primaryimage\"},\"thumbnailUrl\":\"https:\/\/apoioaempresas.pt\/wp-content\/uploads\/2025\/07\/aluguer-de-salas-de-reunioes.jpg\",\"articleSection\":[\"Apoyo a la internacionalizaci\u00f3n\"],\"inLanguage\":\"es\"},{\"@type\":\"WebPage\",\"@id\":\"https:\/\/apoioaempresas.pt\/es\/alquiler-de-salas-de-reuniones-solucion-flexible-eficiente-y-estrategica\/\",\"url\":\"https:\/\/apoioaempresas.pt\/es\/alquiler-de-salas-de-reuniones-solucion-flexible-eficiente-y-estrategica\/\",\"name\":\"Alquiler de Salas de Reuniones | M\u00e1s informaci\u00f3n en Apoio a Empresas\",\"isPartOf\":{\"@id\":\"https:\/\/apoioaempresas.pt\/es\/#website\"},\"primaryImageOfPage\":{\"@id\":\"https:\/\/apoioaempresas.pt\/es\/alquiler-de-salas-de-reuniones-solucion-flexible-eficiente-y-estrategica\/#primaryimage\"},\"image\":{\"@id\":\"https:\/\/apoioaempresas.pt\/es\/alquiler-de-salas-de-reuniones-solucion-flexible-eficiente-y-estrategica\/#primaryimage\"},\"thumbnailUrl\":\"https:\/\/apoioaempresas.pt\/wp-content\/uploads\/2025\/07\/aluguer-de-salas-de-reunioes.jpg\",\"datePublished\":\"2025-05-14T15:00:00+00:00\",\"dateModified\":\"2025-06-22T15:00:00+00:00\",\"description\":\"El alquiler de salas de reuniones con Apoio a Empresas es una soluci\u00f3n inteligente y econ\u00f3mica para empresas que quieren invertir en Portugal.\",\"breadcrumb\":{\"@id\":\"https:\/\/apoioaempresas.pt\/es\/alquiler-de-salas-de-reuniones-solucion-flexible-eficiente-y-estrategica\/#breadcrumb\"},\"inLanguage\":\"es\",\"potentialAction\":[{\"@type\":\"ReadAction\",\"target\":[\"https:\/\/apoioaempresas.pt\/es\/alquiler-de-salas-de-reuniones-solucion-flexible-eficiente-y-estrategica\/\"]}]},{\"@type\":\"ImageObject\",\"inLanguage\":\"es\",\"@id\":\"https:\/\/apoioaempresas.pt\/es\/alquiler-de-salas-de-reuniones-solucion-flexible-eficiente-y-estrategica\/#primaryimage\",\"url\":\"https:\/\/apoioaempresas.pt\/wp-content\/uploads\/2025\/07\/aluguer-de-salas-de-reunioes.jpg\",\"contentUrl\":\"https:\/\/apoioaempresas.pt\/wp-content\/uploads\/2025\/07\/aluguer-de-salas-de-reunioes.jpg\",\"width\":1200,\"height\":800,\"caption\":\"aluguer de salas de reuni\u00f5es com a apoio a empresas\"},{\"@type\":\"BreadcrumbList\",\"@id\":\"https:\/\/apoioaempresas.pt\/es\/alquiler-de-salas-de-reuniones-solucion-flexible-eficiente-y-estrategica\/#breadcrumb\",\"itemListElement\":[{\"@type\":\"ListItem\",\"position\":1,\"name\":\"Home\",\"item\":\"https:\/\/apoioaempresas.pt\/es\/\"},{\"@type\":\"ListItem\",\"position\":2,\"name\":\"Alquiler de Salas de Reuniones: soluci\u00f3n flexible, eficiente y estrat\u00e9gica\"}]},{\"@type\":\"WebSite\",\"@id\":\"https:\/\/apoioaempresas.pt\/es\/#website\",\"url\":\"https:\/\/apoioaempresas.pt\/es\/\",\"name\":\"Apoio a Empresas\",\"description\":\"Disponibilizamos uma variedade de servi\u00e7os de apoio a empresas, para desenvolver o seu neg\u00f3cio ou ideia de neg\u00f3cio. Contacte-nos!\",\"publisher\":{\"@id\":\"https:\/\/apoioaempresas.pt\/es\/#organization\"},\"potentialAction\":[{\"@type\":\"SearchAction\",\"target\":{\"@type\":\"EntryPoint\",\"urlTemplate\":\"https:\/\/apoioaempresas.pt\/es\/?s={search_term_string}\"},\"query-input\":{\"@type\":\"PropertyValueSpecification\",\"valueRequired\":true,\"valueName\":\"search_term_string\"}}],\"inLanguage\":\"es\"},{\"@type\":\"Organization\",\"@id\":\"https:\/\/apoioaempresas.pt\/es\/#organization\",\"name\":\"Apoio a Empresas\",\"url\":\"https:\/\/apoioaempresas.pt\/es\/\",\"logo\":{\"@type\":\"ImageObject\",\"inLanguage\":\"es\",\"@id\":\"https:\/\/apoioaempresas.pt\/es\/#\/schema\/logo\/image\/\",\"url\":\"https:\/\/apoioaempresas.pt\/wp-content\/uploads\/2023\/07\/Apoio-a-Empresas-Logo-Quadrado.png\",\"contentUrl\":\"https:\/\/apoioaempresas.pt\/wp-content\/uploads\/2023\/07\/Apoio-a-Empresas-Logo-Quadrado.png\",\"width\":500,\"height\":500,\"caption\":\"Apoio a Empresas\"},\"image\":{\"@id\":\"https:\/\/apoioaempresas.pt\/es\/#\/schema\/logo\/image\/\"},\"sameAs\":[\"https:\/\/www.facebook.com\/apoioaempresas\/\",\"https:\/\/www.linkedin.com\/company\/apoio-a-empresas\/\",\"https:\/\/www.facebook.com\/apoioaempresascom\",\"https:\/\/www.linkedin.com\/company\/apoioaempresascom\/\",\"https:\/\/www.instagram.com\/apoioaempresascom\/\",\"https:\/\/www.instagram.com\/apoioaempresas.pt\/\"]},{\"@type\":\"Person\",\"@id\":\"https:\/\/apoioaempresas.pt\/es\/#\/schema\/person\/3b85499db65dfd773fa3c4b1f693d3bd\",\"name\":\"apoioemp\",\"image\":{\"@type\":\"ImageObject\",\"inLanguage\":\"es\",\"@id\":\"https:\/\/apoioaempresas.pt\/es\/#\/schema\/person\/image\/\",\"url\":\"https:\/\/secure.gravatar.com\/avatar\/4c81012441c6850abc4e1d995232a12521e39469045cd7a58f5461c0fcfced59?s=96&d=mm&r=g\",\"contentUrl\":\"https:\/\/secure.gravatar.com\/avatar\/4c81012441c6850abc4e1d995232a12521e39469045cd7a58f5461c0fcfced59?s=96&d=mm&r=g\",\"caption\":\"apoioemp\"},\"url\":\"https:\/\/apoioaempresas.pt\/es\/author\/apoioemp\/\"}]}<\/script>\n<!-- \/ Yoast SEO plugin. -->","yoast_head_json":{"title":"Alquiler de Salas de Reuniones | M\u00e1s informaci\u00f3n en Apoio a Empresas","description":"El alquiler de salas de reuniones con Apoio a Empresas es una soluci\u00f3n inteligente y econ\u00f3mica para empresas que quieren invertir en Portugal.","robots":{"index":"index","follow":"follow","max-snippet":"max-snippet:-1","max-image-preview":"max-image-preview:large","max-video-preview":"max-video-preview:-1"},"canonical":"https:\/\/apoioaempresas.pt\/es\/alquiler-de-salas-de-reuniones-solucion-flexible-eficiente-y-estrategica\/","og_locale":"es_ES","og_type":"article","og_title":"Alquiler de Salas de Reuniones | M\u00e1s informaci\u00f3n en Apoio a Empresas","og_description":"El alquiler de salas de reuniones con Apoio a Empresas es una soluci\u00f3n inteligente y econ\u00f3mica para empresas que quieren invertir en Portugal.","og_url":"https:\/\/apoioaempresas.pt\/es\/alquiler-de-salas-de-reuniones-solucion-flexible-eficiente-y-estrategica\/","og_site_name":"Apoio a Empresas","article_publisher":"https:\/\/www.facebook.com\/apoioaempresas\/","article_published_time":"2025-05-14T15:00:00+00:00","article_modified_time":"2025-06-22T15:00:00+00:00","og_image":[{"width":1200,"height":800,"url":"https:\/\/apoioaempresas.pt\/wp-content\/uploads\/2025\/07\/aluguer-de-salas-de-reunioes.jpg","type":"image\/jpeg"}],"author":"apoioemp","twitter_card":"summary_large_image","twitter_misc":{"Escrito por":"apoioemp","Tiempo de lectura":"4 minutos"},"schema":{"@context":"https:\/\/schema.org","@graph":[{"@type":"Article","@id":"https:\/\/apoioaempresas.pt\/es\/alquiler-de-salas-de-reuniones-solucion-flexible-eficiente-y-estrategica\/#article","isPartOf":{"@id":"https:\/\/apoioaempresas.pt\/es\/alquiler-de-salas-de-reuniones-solucion-flexible-eficiente-y-estrategica\/"},"author":{"name":"apoioemp","@id":"https:\/\/apoioaempresas.pt\/es\/#\/schema\/person\/3b85499db65dfd773fa3c4b1f693d3bd"},"headline":"Alquiler de Salas de Reuniones: soluci\u00f3n flexible, eficiente y estrat\u00e9gica","datePublished":"2025-05-14T15:00:00+00:00","dateModified":"2025-06-22T15:00:00+00:00","mainEntityOfPage":{"@id":"https:\/\/apoioaempresas.pt\/es\/alquiler-de-salas-de-reuniones-solucion-flexible-eficiente-y-estrategica\/"},"wordCount":857,"publisher":{"@id":"https:\/\/apoioaempresas.pt\/es\/#organization"},"image":{"@id":"https:\/\/apoioaempresas.pt\/es\/alquiler-de-salas-de-reuniones-solucion-flexible-eficiente-y-estrategica\/#primaryimage"},"thumbnailUrl":"https:\/\/apoioaempresas.pt\/wp-content\/uploads\/2025\/07\/aluguer-de-salas-de-reunioes.jpg","articleSection":["Apoyo a la internacionalizaci\u00f3n"],"inLanguage":"es"},{"@type":"WebPage","@id":"https:\/\/apoioaempresas.pt\/es\/alquiler-de-salas-de-reuniones-solucion-flexible-eficiente-y-estrategica\/","url":"https:\/\/apoioaempresas.pt\/es\/alquiler-de-salas-de-reuniones-solucion-flexible-eficiente-y-estrategica\/","name":"Alquiler de Salas de Reuniones | M\u00e1s informaci\u00f3n en Apoio a Empresas","isPartOf":{"@id":"https:\/\/apoioaempresas.pt\/es\/#website"},"primaryImageOfPage":{"@id":"https:\/\/apoioaempresas.pt\/es\/alquiler-de-salas-de-reuniones-solucion-flexible-eficiente-y-estrategica\/#primaryimage"},"image":{"@id":"https:\/\/apoioaempresas.pt\/es\/alquiler-de-salas-de-reuniones-solucion-flexible-eficiente-y-estrategica\/#primaryimage"},"thumbnailUrl":"https:\/\/apoioaempresas.pt\/wp-content\/uploads\/2025\/07\/aluguer-de-salas-de-reunioes.jpg","datePublished":"2025-05-14T15:00:00+00:00","dateModified":"2025-06-22T15:00:00+00:00","description":"El alquiler de salas de reuniones con Apoio a Empresas es una soluci\u00f3n inteligente y econ\u00f3mica para empresas que quieren invertir en Portugal.","breadcrumb":{"@id":"https:\/\/apoioaempresas.pt\/es\/alquiler-de-salas-de-reuniones-solucion-flexible-eficiente-y-estrategica\/#breadcrumb"},"inLanguage":"es","potentialAction":[{"@type":"ReadAction","target":["https:\/\/apoioaempresas.pt\/es\/alquiler-de-salas-de-reuniones-solucion-flexible-eficiente-y-estrategica\/"]}]},{"@type":"ImageObject","inLanguage":"es","@id":"https:\/\/apoioaempresas.pt\/es\/alquiler-de-salas-de-reuniones-solucion-flexible-eficiente-y-estrategica\/#primaryimage","url":"https:\/\/apoioaempresas.pt\/wp-content\/uploads\/2025\/07\/aluguer-de-salas-de-reunioes.jpg","contentUrl":"https:\/\/apoioaempresas.pt\/wp-content\/uploads\/2025\/07\/aluguer-de-salas-de-reunioes.jpg","width":1200,"height":800,"caption":"aluguer de salas de reuni\u00f5es com a apoio a empresas"},{"@type":"BreadcrumbList","@id":"https:\/\/apoioaempresas.pt\/es\/alquiler-de-salas-de-reuniones-solucion-flexible-eficiente-y-estrategica\/#breadcrumb","itemListElement":[{"@type":"ListItem","position":1,"name":"Home","item":"https:\/\/apoioaempresas.pt\/es\/"},{"@type":"ListItem","position":2,"name":"Alquiler de Salas de Reuniones: soluci\u00f3n flexible, eficiente y estrat\u00e9gica"}]},{"@type":"WebSite","@id":"https:\/\/apoioaempresas.pt\/es\/#website","url":"https:\/\/apoioaempresas.pt\/es\/","name":"Apoio a Empresas","description":"Disponibilizamos uma variedade de servi\u00e7os de apoio a empresas, para desenvolver o seu neg\u00f3cio ou ideia de neg\u00f3cio. Contacte-nos!","publisher":{"@id":"https:\/\/apoioaempresas.pt\/es\/#organization"},"potentialAction":[{"@type":"SearchAction","target":{"@type":"EntryPoint","urlTemplate":"https:\/\/apoioaempresas.pt\/es\/?s={search_term_string}"},"query-input":{"@type":"PropertyValueSpecification","valueRequired":true,"valueName":"search_term_string"}}],"inLanguage":"es"},{"@type":"Organization","@id":"https:\/\/apoioaempresas.pt\/es\/#organization","name":"Apoio a Empresas","url":"https:\/\/apoioaempresas.pt\/es\/","logo":{"@type":"ImageObject","inLanguage":"es","@id":"https:\/\/apoioaempresas.pt\/es\/#\/schema\/logo\/image\/","url":"https:\/\/apoioaempresas.pt\/wp-content\/uploads\/2023\/07\/Apoio-a-Empresas-Logo-Quadrado.png","contentUrl":"https:\/\/apoioaempresas.pt\/wp-content\/uploads\/2023\/07\/Apoio-a-Empresas-Logo-Quadrado.png","width":500,"height":500,"caption":"Apoio a Empresas"},"image":{"@id":"https:\/\/apoioaempresas.pt\/es\/#\/schema\/logo\/image\/"},"sameAs":["https:\/\/www.facebook.com\/apoioaempresas\/","https:\/\/www.linkedin.com\/company\/apoio-a-empresas\/","https:\/\/www.facebook.com\/apoioaempresascom","https:\/\/www.linkedin.com\/company\/apoioaempresascom\/","https:\/\/www.instagram.com\/apoioaempresascom\/","https:\/\/www.instagram.com\/apoioaempresas.pt\/"]},{"@type":"Person","@id":"https:\/\/apoioaempresas.pt\/es\/#\/schema\/person\/3b85499db65dfd773fa3c4b1f693d3bd","name":"apoioemp","image":{"@type":"ImageObject","inLanguage":"es","@id":"https:\/\/apoioaempresas.pt\/es\/#\/schema\/person\/image\/","url":"https:\/\/secure.gravatar.com\/avatar\/4c81012441c6850abc4e1d995232a12521e39469045cd7a58f5461c0fcfced59?s=96&d=mm&r=g","contentUrl":"https:\/\/secure.gravatar.com\/avatar\/4c81012441c6850abc4e1d995232a12521e39469045cd7a58f5461c0fcfced59?s=96&d=mm&r=g","caption":"apoioemp"},"url":"https:\/\/apoioaempresas.pt\/es\/author\/apoioemp\/"}]}},"_links":{"self":[{"href":"https:\/\/apoioaempresas.pt\/es\/wp-json\/wp\/v2\/posts\/4160","targetHints":{"allow":["GET"]}}],"collection":[{"href":"https:\/\/apoioaempresas.pt\/es\/wp-json\/wp\/v2\/posts"}],"about":[{"href":"https:\/\/apoioaempresas.pt\/es\/wp-json\/wp\/v2\/types\/post"}],"author":[{"embeddable":true,"href":"https:\/\/apoioaempresas.pt\/es\/wp-json\/wp\/v2\/users\/2"}],"replies":[{"embeddable":true,"href":"https:\/\/apoioaempresas.pt\/es\/wp-json\/wp\/v2\/comments?post=4160"}],"version-history":[{"count":0,"href":"https:\/\/apoioaempresas.pt\/es\/wp-json\/wp\/v2\/posts\/4160\/revisions"}],"wp:featuredmedia":[{"embeddable":true,"href":"https:\/\/apoioaempresas.pt\/es\/wp-json\/wp\/v2\/media\/3642"}],"wp:attachment":[{"href":"https:\/\/apoioaempresas.pt\/es\/wp-json\/wp\/v2\/media?parent=4160"}],"wp:term":[{"taxonomy":"category","embeddable":true,"href":"https:\/\/apoioaempresas.pt\/es\/wp-json\/wp\/v2\/categories?post=4160"},{"taxonomy":"post_tag","embeddable":true,"href":"https:\/\/apoioaempresas.pt\/es\/wp-json\/wp\/v2\/tags?post=4160"}],"curies":[{"name":"wp","href":"https:\/\/api.w.org\/{rel}","templated":true}]}}