{"id":4488,"date":"2025-09-30T16:15:58","date_gmt":"2025-09-30T15:15:58","guid":{"rendered":"https:\/\/apoioaempresas.pt\/comunicado-de-prensa-la-guia-completa-para-comunicarte-con-los-medios-de-comunicacion\/"},"modified":"2025-09-30T16:15:58","modified_gmt":"2025-09-30T15:15:58","slug":"comunicado-de-prensa-la-guia-completa-para-comunicarte-con-los-medios-de-comunicacion","status":"publish","type":"post","link":"https:\/\/apoioaempresas.pt\/es\/comunicado-de-prensa-la-guia-completa-para-comunicarte-con-los-medios-de-comunicacion\/","title":{"rendered":"Comunicado de prensa: la gu\u00eda completa para comunicarte con los medios de comunicaci\u00f3n"},"content":{"rendered":"\n<p>El comunicado de prensa sigue siendo una de las herramientas m\u00e1s importantes de la comunicaci\u00f3n corporativa. Cuando est\u00e1 bien preparado, permite a las empresas <strong>ganar visibilidad en los medios de comunicaci\u00f3n<\/strong>, reforzar la credibilidad institucional y forjarse una s\u00f3lida reputaci\u00f3n entre el p\u00fablico. <\/p>\n\n\n\n<p>En Portugal, donde los periodistas valoran la claridad, el rigor y la relevancia, un comunicado de prensa eficaz puede marcar la diferencia entre ser publicado o ignorado.<\/p>\n\n\n\n<p>En este completo art\u00edculo te explicamos <strong>qu\u00e9 es un comunicado de prensa, cu\u00e1ndo debe utilizarse, c\u00f3mo estructurarlo correctamente y qu\u00e9 errores debes evitar<\/strong>.<\/p>\n\n\n\n<h2 class=\"wp-block-heading\"><strong>\u00bfQu\u00e9 es un comunicado de prensa?<\/strong><\/h2>\n\n\n\n<p>Un comunicado de prensa es un <strong>texto informativo dirigido a los medios de comunicaci\u00f3n con el<\/strong> objetivo de difundir noticias relevantes sobre una empresa, organizaci\u00f3n o instituci\u00f3n.<\/p>\n\n\n\n<p>A diferencia de la publicidad, el comunicado de prensa no promociona directamente productos o servicios. Se centra en <strong>informaci\u00f3n de inter\u00e9s p\u00fablico<\/strong>, presentada de forma objetiva, clara y basada en hechos. <\/p>\n\n\n\n<p>Ejemplos de temas comunes:<\/p>\n\n\n\n<ul class=\"wp-block-list\">\n<li>Lanzamiento de un nuevo proyecto o servicio;<\/li>\n\n\n\n<li>Resultados financieros o crecimiento de la empresa;<\/li>\n\n\n\n<li>Estudios, datos o informes relevantes;<\/li>\n\n\n\n<li>Alianzas estrat\u00e9gicas;<br><\/li>\n\n\n\n<li>Actos de empresa;<\/li>\n\n\n\n<li>Cambios en la direcci\u00f3n;<\/li>\n\n\n\n<li>Iniciativas de responsabilidad social;<\/li>\n\n\n\n<li>Respuestas oficiales en un contexto de crisis.<\/li>\n<\/ul>\n\n\n\n<h3 class=\"wp-block-heading\"><strong>\u00bfCu\u00e1ndo tiene sentido enviar un comunicado de prensa?<\/strong><\/h3>\n\n\n\n<p>No todo son noticias. Uno de los errores m\u00e1s comunes es enviar comunicados de prensa sin valor noticioso real. <\/p>\n\n\n\n<p>Debe utilizarse un comunicado de prensa cuando exista:<\/p>\n\n\n\n<ul class=\"wp-block-list\">\n<li>Noticias reales;<\/li>\n\n\n\n<li>Impacto social, econ\u00f3mico o sectorial;<\/li>\n\n\n\n<li>Inter\u00e9s para la audiencia del medio de comunicaci\u00f3n;<\/li>\n\n\n\n<li>Datos o perspectivas relevantes.<\/li>\n<\/ul>\n\n\n\n<p>Pregunta clave antes de enviar: <em>\u00bfEs de inter\u00e9s para alguien que no sea mi empresa?<\/em><\/p>\n\n\n\n<p>Si la respuesta es \u00abno\u00bb, probablemente no sea un buen tema para un comunicado de prensa.<\/p>\n\n\n\n<h4 class=\"wp-block-heading\"><strong>\u00bfQu\u00e9 valoran los periodistas en un comunicado de prensa?<\/strong><\/h4>\n\n\n\n<p>Los periodistas reciben cientos de comunicados de prensa a la semana. Para destacar, tu comunicado de prensa debe cumplir unos criterios claros: <\/p>\n\n\n\n<ul class=\"wp-block-list\">\n<li>Informaci\u00f3n objetiva y verificable;<\/li>\n\n\n\n<li>Lenguaje sencillo y directo;<\/li>\n\n\n\n<li>Datos concretos (cifras, fechas, hechos);<\/li>\n\n\n\n<li>\u00c1ngulo noticioso claro;<\/li>\n\n\n\n<li>Citas \u00fatiles y cre\u00edbles;<\/li>\n\n\n\n<li>Respeto por el tiempo y el trabajo del periodista.<\/li>\n<\/ul>\n\n\n\n<p>Evita los textos promocionales, los adjetivos excesivos o las promesas vagas.<\/p>\n\n\n\n<p><strong>Estructura ideal del comunicado de prensa<\/strong><\/p>\n\n\n\n<p>Un buen comunicado de prensa sigue una estructura l\u00f3gica, period\u00edstica. Es el modelo m\u00e1s eficaz: <\/p>\n\n\n\n<p><strong>1. t\u00edtulo<\/strong><\/p>\n\n\n\n<p>Breve, claro e informativo. Debe resumir la noticia en pocas palabras y despertar inter\u00e9s. <\/p>\n\n\n\n<p><strong>Ejemplo:<\/strong><\/p>\n\n\n\n<p>La empresa X invierte 2 millones de euros en su expansi\u00f3n en Portugal<\/p>\n\n\n\n<p><strong>2. Subt\u00edtulo (opcional)<\/strong><\/p>\n\n\n\n<p>Complementa el t\u00edtulo con informaci\u00f3n adicional relevante.<\/p>\n\n\n\n<p><strong>3. Plomo (primer p\u00e1rrafo)<\/strong><\/p>\n\n\n\n<p>Aqu\u00ed responde a las preguntas esenciales:<br><strong>\u00bfQui\u00e9n? \u00bfQui\u00e9n? \u00bfCu\u00e1ndo? \u00bfD\u00f3nde? \u00bfPor qu\u00e9? \u00bfD\u00f3nde? \u00bfPor qu\u00e9?    <\/strong><\/p>\n\n\n\n<p>Este p\u00e1rrafo debe permitir al periodista darse cuenta inmediatamente del valor de la noticia.<\/p>\n\n\n\n<p><strong>4. Cuerpo del texto<\/strong><\/p>\n\n\n\n<p>Desarrolla la informaci\u00f3n con m\u00e1s detalle:<\/p>\n\n\n\n<ul class=\"wp-block-list\">\n<li>Contexto;<\/li>\n\n\n\n<li>Datos relevantes;<\/li>\n\n\n\n<li>Marco sectorial;<\/li>\n\n\n\n<li>Impacto de la iniciativa.<\/li>\n<\/ul>\n\n\n\n<p>Utiliza p\u00e1rrafos cortos y un lenguaje claro.<\/p>\n\n\n\n<p><strong>5. Citas<\/strong><\/p>\n\n\n\n<p>Incluye 1 \u00f3 2 citas de portavoces (director general, director, jefe de proyecto).<br>Las citas deben a\u00f1adir interpretaci\u00f3n o visi\u00f3n estrat\u00e9gica, no repetir hechos.<\/p>\n\n\n\n<p><strong>6. Informaci\u00f3n institucional<\/strong><\/p>\n\n\n\n<p>Un breve p\u00e1rrafo sobre la empresa:<\/p>\n\n\n\n<ul class=\"wp-block-list\">\n<li>Qui\u00e9n es<\/li>\n\n\n\n<li>Lo que hace;<\/li>\n\n\n\n<li>D\u00f3nde trabaja.<\/li>\n<\/ul>\n\n\n\n<p><strong>7. Contactos de prensa<\/strong><\/p>\n\n\n\n<p>Nombre, direcci\u00f3n de correo electr\u00f3nico y n\u00famero de tel\u00e9fono de las personas que pueden responder r\u00e1pidamente a los periodistas.<\/p>\n\n\n\n<h5 class=\"wp-block-heading\"><strong>Buenas pr\u00e1cticas para aumentar la probabilidad de publicaci\u00f3n<\/strong><\/h5>\n\n\n\n<ul class=\"wp-block-list\">\n<li>Adapta el comunicado de prensa a cada medio (generalista vs. especializado);<\/li>\n\n\n\n<li>Env\u00edalo s\u00f3lo a periodistas cuyo tema sea relevante;<\/li>\n\n\n\n<li>Utiliza el correo electr\u00f3nico de forma profesional (asunto claro);<\/li>\n\n\n\n<li>S\u00f3lo adjunta im\u00e1genes o datos cuando a\u00f1adan valor;<\/li>\n\n\n\n<li>Respeta los horarios y plazos editoriales;<\/li>\n\n\n\n<li>Estar disponible para aclaraciones o entrevistas.<\/li>\n<\/ul>\n\n\n\n<p>El env\u00edo masivo e indiferenciado reduce dr\u00e1sticamente la eficacia.<\/p>\n\n\n\n<p><strong>Errores comunes a evitar<\/strong><\/p>\n\n\n\n<ul class=\"wp-block-list\">\n<li>Lenguaje excesivamente comercial o publicitario;<\/li>\n\n\n\n<li>Textos largos y confusos;<\/li>\n\n\n\n<li>Falta de datos concretos;<\/li>\n\n\n\n<li>T\u00edtulos vagos o exagerados;<\/li>\n\n\n\n<li>Enviar comunicados de prensa sin inter\u00e9s informativo real;<\/li>\n\n\n\n<li>No respondas a las preguntas de seguimiento de los periodistas.<\/li>\n<\/ul>\n\n\n\n<p>Un mal comunicado de prensa da\u00f1a la imagen de la empresa y su relaci\u00f3n con los medios de comunicaci\u00f3n.<\/p>\n\n\n\n<h6 class=\"wp-block-heading\"><strong>El papel de la oficina de prensa<\/strong><\/h6>\n\n\n\n<p>Contar con un gabinete de prensa profesional lo hace posible:<\/p>\n\n\n\n<ul class=\"wp-block-list\">\n<li>Identifica los \u00e1ngulos relevantes de las noticias;<\/li>\n\n\n\n<li>Redactar comunicados de prensa de acuerdo con criterios period\u00edsticos;<\/li>\n\n\n\n<li>Selecciona el soporte adecuado;<\/li>\n\n\n\n<li>Prepara a los portavoces;<\/li>\n\n\n\n<li>Seguimiento de los resultados y publicaciones;<\/li>\n\n\n\n<li>Gestionar la comunicaci\u00f3n en un contexto de crisis.<\/li>\n<\/ul>\n\n\n\n<p>La consultor\u00eda convierte la comunicaci\u00f3n en <strong>estrategia<\/strong>, no s\u00f3lo en publicidad.<\/p>\n\n\n\n<p><strong>Apoyo a las empresas: comunicaci\u00f3n con impacto medi\u00e1tico<\/strong><\/p>\n\n\n\n<p><strong>Apoio a Empresas<\/strong> apoya a las organizaciones en la creaci\u00f3n y gesti\u00f3n de comunicados de prensa eficaces, en l\u00ednea con los objetivos empresariales y las exigencias de los medios de comunicaci\u00f3n portugueses.<\/p>\n\n\n\n<p>Te ayudamos con<\/p>\n\n\n\n<ul class=\"wp-block-list\">\n<li>Redacci\u00f3n profesional de comunicados de prensa;<\/li>\n\n\n\n<li>Estrategia de relaciones con los medios de comunicaci\u00f3n;<\/li>\n\n\n\n<li>Gestionar los contactos con los periodistas;<\/li>\n\n\n\n<li>Preparar a los portavoces;<\/li>\n\n\n\n<li>Comunicaci\u00f3n de crisis.<\/li>\n<\/ul>\n\n\n\n<p><strong>\u00bfQuieres mejorar la eficacia de tus comunicados de prensa?<\/strong><br><br><\/p>\n\n\n\n<p>El comunicado de prensa sigue siendo una herramienta esencial de comunicaci\u00f3n corporativa. Cuando est\u00e1 bien estructurado, aumenta la visibilidad en los medios de comunicaci\u00f3n, refuerza la credibilidad y construye una reputaci\u00f3n a largo plazo. <\/p>\n\n\n\n<p>Comunicarse con los medios de comunicaci\u00f3n no consiste en aparecer a cualquier precio, sino en informar con pertinencia y profesionalidad.<\/p>\n\n\n\n<p>Habla con nosotros y descubre c\u00f3mo convertir las noticias en oportunidades de visibilidad. P\u00eddenos hoy mismo ayuda profesional para crear tus comunicados de prensa. <\/p>\n","protected":false},"excerpt":{"rendered":"<p>El comunicado de prensa sigue siendo una de las herramientas m\u00e1s importantes de la comunicaci\u00f3n corporativa. Cuando est\u00e1 bien preparado, permite a las empresas ganar visibilidad en los medios de comunicaci\u00f3n, reforzar la credibilidad institucional y forjarse una s\u00f3lida reputaci\u00f3n entre el p\u00fablico. En Portugal, donde los periodistas valoran la claridad, el rigor y la&hellip;<\/p>\n","protected":false},"author":2,"featured_media":4445,"comment_status":"open","ping_status":"open","sticky":false,"template":"","format":"standard","meta":{"footnotes":""},"categories":[22],"tags":[],"class_list":["post-4488","post","type-post","status-publish","format-standard","has-post-thumbnail","hentry","category-sin-categorizar","category-22","description-off"],"yoast_head":"<!-- This site is optimized with the Yoast SEO plugin v26.6 - https:\/\/yoast.com\/wordpress\/plugins\/seo\/ -->\n<title>Comunicado de prensa: c\u00f3mo redactarlo y publicitarlo correctamente<\/title>\n<meta name=\"description\" content=\"Descubre qu\u00e9 es un comunicado de prensa, c\u00f3mo estructurarlo y qu\u00e9 valoran los periodistas para garantizar su publicaci\u00f3n en los medios de comunicaci\u00f3n.\" \/>\n<meta name=\"robots\" content=\"index, follow, max-snippet:-1, max-image-preview:large, max-video-preview:-1\" \/>\n<link rel=\"canonical\" href=\"https:\/\/apoioaempresas.pt\/es\/comunicado-de-prensa-la-guia-completa-para-comunicarte-con-los-medios-de-comunicacion\/\" \/>\n<meta property=\"og:locale\" content=\"es_ES\" \/>\n<meta property=\"og:type\" content=\"article\" \/>\n<meta property=\"og:title\" content=\"Comunicado de prensa: c\u00f3mo redactarlo y publicitarlo correctamente\" \/>\n<meta property=\"og:description\" content=\"Descubre qu\u00e9 es un comunicado de prensa, c\u00f3mo estructurarlo y qu\u00e9 valoran los periodistas para garantizar su publicaci\u00f3n en los medios de comunicaci\u00f3n.\" \/>\n<meta property=\"og:url\" content=\"https:\/\/apoioaempresas.pt\/es\/comunicado-de-prensa-la-guia-completa-para-comunicarte-con-los-medios-de-comunicacion\/\" \/>\n<meta property=\"og:site_name\" content=\"Apoio a Empresas\" \/>\n<meta property=\"article:publisher\" content=\"https:\/\/www.facebook.com\/apoioaempresas\/\" \/>\n<meta property=\"article:published_time\" content=\"2025-09-30T15:15:58+00:00\" \/>\n<meta property=\"og:image\" content=\"https:\/\/apoioaempresas.pt\/wp-content\/uploads\/2026\/01\/Press-release.jpg\" \/>\n\t<meta property=\"og:image:width\" content=\"1000\" \/>\n\t<meta property=\"og:image:height\" content=\"667\" \/>\n\t<meta property=\"og:image:type\" content=\"image\/jpeg\" \/>\n<meta name=\"author\" content=\"apoioemp\" \/>\n<meta name=\"twitter:card\" content=\"summary_large_image\" \/>\n<meta name=\"twitter:label1\" content=\"Escrito por\" \/>\n\t<meta name=\"twitter:data1\" content=\"apoioemp\" \/>\n\t<meta name=\"twitter:label2\" content=\"Tiempo de lectura\" \/>\n\t<meta name=\"twitter:data2\" content=\"5 minutos\" \/>\n<script type=\"application\/ld+json\" class=\"yoast-schema-graph\">{\"@context\":\"https:\/\/schema.org\",\"@graph\":[{\"@type\":\"Article\",\"@id\":\"https:\/\/apoioaempresas.pt\/es\/comunicado-de-prensa-la-guia-completa-para-comunicarte-con-los-medios-de-comunicacion\/#article\",\"isPartOf\":{\"@id\":\"https:\/\/apoioaempresas.pt\/es\/comunicado-de-prensa-la-guia-completa-para-comunicarte-con-los-medios-de-comunicacion\/\"},\"author\":{\"name\":\"apoioemp\",\"@id\":\"https:\/\/apoioaempresas.pt\/es\/#\/schema\/person\/3b85499db65dfd773fa3c4b1f693d3bd\"},\"headline\":\"Comunicado de prensa: la gu\u00eda completa para comunicarte con los medios de comunicaci\u00f3n\",\"datePublished\":\"2025-09-30T15:15:58+00:00\",\"mainEntityOfPage\":{\"@id\":\"https:\/\/apoioaempresas.pt\/es\/comunicado-de-prensa-la-guia-completa-para-comunicarte-con-los-medios-de-comunicacion\/\"},\"wordCount\":983,\"commentCount\":0,\"publisher\":{\"@id\":\"https:\/\/apoioaempresas.pt\/es\/#organization\"},\"image\":{\"@id\":\"https:\/\/apoioaempresas.pt\/es\/comunicado-de-prensa-la-guia-completa-para-comunicarte-con-los-medios-de-comunicacion\/#primaryimage\"},\"thumbnailUrl\":\"https:\/\/apoioaempresas.pt\/wp-content\/uploads\/2026\/01\/Press-release.jpg\",\"articleSection\":[\"Sin categorizar\"],\"inLanguage\":\"es\",\"potentialAction\":[{\"@type\":\"CommentAction\",\"name\":\"Comment\",\"target\":[\"https:\/\/apoioaempresas.pt\/es\/comunicado-de-prensa-la-guia-completa-para-comunicarte-con-los-medios-de-comunicacion\/#respond\"]}]},{\"@type\":\"WebPage\",\"@id\":\"https:\/\/apoioaempresas.pt\/es\/comunicado-de-prensa-la-guia-completa-para-comunicarte-con-los-medios-de-comunicacion\/\",\"url\":\"https:\/\/apoioaempresas.pt\/es\/comunicado-de-prensa-la-guia-completa-para-comunicarte-con-los-medios-de-comunicacion\/\",\"name\":\"Comunicado de prensa: c\u00f3mo redactarlo y publicitarlo correctamente\",\"isPartOf\":{\"@id\":\"https:\/\/apoioaempresas.pt\/es\/#website\"},\"primaryImageOfPage\":{\"@id\":\"https:\/\/apoioaempresas.pt\/es\/comunicado-de-prensa-la-guia-completa-para-comunicarte-con-los-medios-de-comunicacion\/#primaryimage\"},\"image\":{\"@id\":\"https:\/\/apoioaempresas.pt\/es\/comunicado-de-prensa-la-guia-completa-para-comunicarte-con-los-medios-de-comunicacion\/#primaryimage\"},\"thumbnailUrl\":\"https:\/\/apoioaempresas.pt\/wp-content\/uploads\/2026\/01\/Press-release.jpg\",\"datePublished\":\"2025-09-30T15:15:58+00:00\",\"description\":\"Descubre qu\u00e9 es un comunicado de prensa, c\u00f3mo estructurarlo y qu\u00e9 valoran los periodistas para garantizar su publicaci\u00f3n en los medios de comunicaci\u00f3n.\",\"breadcrumb\":{\"@id\":\"https:\/\/apoioaempresas.pt\/es\/comunicado-de-prensa-la-guia-completa-para-comunicarte-con-los-medios-de-comunicacion\/#breadcrumb\"},\"inLanguage\":\"es\",\"potentialAction\":[{\"@type\":\"ReadAction\",\"target\":[\"https:\/\/apoioaempresas.pt\/es\/comunicado-de-prensa-la-guia-completa-para-comunicarte-con-los-medios-de-comunicacion\/\"]}]},{\"@type\":\"ImageObject\",\"inLanguage\":\"es\",\"@id\":\"https:\/\/apoioaempresas.pt\/es\/comunicado-de-prensa-la-guia-completa-para-comunicarte-con-los-medios-de-comunicacion\/#primaryimage\",\"url\":\"https:\/\/apoioaempresas.pt\/wp-content\/uploads\/2026\/01\/Press-release.jpg\",\"contentUrl\":\"https:\/\/apoioaempresas.pt\/wp-content\/uploads\/2026\/01\/Press-release.jpg\",\"width\":1000,\"height\":667,\"caption\":\"Press Release\"},{\"@type\":\"BreadcrumbList\",\"@id\":\"https:\/\/apoioaempresas.pt\/es\/comunicado-de-prensa-la-guia-completa-para-comunicarte-con-los-medios-de-comunicacion\/#breadcrumb\",\"itemListElement\":[{\"@type\":\"ListItem\",\"position\":1,\"name\":\"Home\",\"item\":\"https:\/\/apoioaempresas.pt\/es\/\"},{\"@type\":\"ListItem\",\"position\":2,\"name\":\"Comunicado de prensa: la gu\u00eda completa para comunicarte con los medios de comunicaci\u00f3n\"}]},{\"@type\":\"WebSite\",\"@id\":\"https:\/\/apoioaempresas.pt\/es\/#website\",\"url\":\"https:\/\/apoioaempresas.pt\/es\/\",\"name\":\"Apoio a Empresas\",\"description\":\"Disponibilizamos uma variedade de servi\u00e7os de apoio a empresas, para desenvolver o seu neg\u00f3cio ou ideia de neg\u00f3cio. Contacte-nos!\",\"publisher\":{\"@id\":\"https:\/\/apoioaempresas.pt\/es\/#organization\"},\"potentialAction\":[{\"@type\":\"SearchAction\",\"target\":{\"@type\":\"EntryPoint\",\"urlTemplate\":\"https:\/\/apoioaempresas.pt\/es\/?s={search_term_string}\"},\"query-input\":{\"@type\":\"PropertyValueSpecification\",\"valueRequired\":true,\"valueName\":\"search_term_string\"}}],\"inLanguage\":\"es\"},{\"@type\":\"Organization\",\"@id\":\"https:\/\/apoioaempresas.pt\/es\/#organization\",\"name\":\"Apoio a Empresas\",\"url\":\"https:\/\/apoioaempresas.pt\/es\/\",\"logo\":{\"@type\":\"ImageObject\",\"inLanguage\":\"es\",\"@id\":\"https:\/\/apoioaempresas.pt\/es\/#\/schema\/logo\/image\/\",\"url\":\"https:\/\/apoioaempresas.pt\/wp-content\/uploads\/2023\/07\/Apoio-a-Empresas-Logo-Quadrado.png\",\"contentUrl\":\"https:\/\/apoioaempresas.pt\/wp-content\/uploads\/2023\/07\/Apoio-a-Empresas-Logo-Quadrado.png\",\"width\":500,\"height\":500,\"caption\":\"Apoio a Empresas\"},\"image\":{\"@id\":\"https:\/\/apoioaempresas.pt\/es\/#\/schema\/logo\/image\/\"},\"sameAs\":[\"https:\/\/www.facebook.com\/apoioaempresas\/\",\"https:\/\/www.linkedin.com\/company\/apoio-a-empresas\/\",\"https:\/\/www.facebook.com\/apoioaempresascom\",\"https:\/\/www.linkedin.com\/company\/apoioaempresascom\/\",\"https:\/\/www.instagram.com\/apoioaempresascom\/\",\"https:\/\/www.instagram.com\/apoioaempresas.pt\/\"]},{\"@type\":\"Person\",\"@id\":\"https:\/\/apoioaempresas.pt\/es\/#\/schema\/person\/3b85499db65dfd773fa3c4b1f693d3bd\",\"name\":\"apoioemp\",\"image\":{\"@type\":\"ImageObject\",\"inLanguage\":\"es\",\"@id\":\"https:\/\/apoioaempresas.pt\/es\/#\/schema\/person\/image\/\",\"url\":\"https:\/\/secure.gravatar.com\/avatar\/4c81012441c6850abc4e1d995232a12521e39469045cd7a58f5461c0fcfced59?s=96&d=mm&r=g\",\"contentUrl\":\"https:\/\/secure.gravatar.com\/avatar\/4c81012441c6850abc4e1d995232a12521e39469045cd7a58f5461c0fcfced59?s=96&d=mm&r=g\",\"caption\":\"apoioemp\"},\"url\":\"https:\/\/apoioaempresas.pt\/es\/author\/apoioemp\/\"}]}<\/script>\n<!-- \/ Yoast SEO plugin. -->","yoast_head_json":{"title":"Comunicado de prensa: c\u00f3mo redactarlo y publicitarlo correctamente","description":"Descubre qu\u00e9 es un comunicado de prensa, c\u00f3mo estructurarlo y qu\u00e9 valoran los periodistas para garantizar su publicaci\u00f3n en los medios de comunicaci\u00f3n.","robots":{"index":"index","follow":"follow","max-snippet":"max-snippet:-1","max-image-preview":"max-image-preview:large","max-video-preview":"max-video-preview:-1"},"canonical":"https:\/\/apoioaempresas.pt\/es\/comunicado-de-prensa-la-guia-completa-para-comunicarte-con-los-medios-de-comunicacion\/","og_locale":"es_ES","og_type":"article","og_title":"Comunicado de prensa: c\u00f3mo redactarlo y publicitarlo correctamente","og_description":"Descubre qu\u00e9 es un comunicado de prensa, c\u00f3mo estructurarlo y qu\u00e9 valoran los periodistas para garantizar su publicaci\u00f3n en los medios de comunicaci\u00f3n.","og_url":"https:\/\/apoioaempresas.pt\/es\/comunicado-de-prensa-la-guia-completa-para-comunicarte-con-los-medios-de-comunicacion\/","og_site_name":"Apoio a Empresas","article_publisher":"https:\/\/www.facebook.com\/apoioaempresas\/","article_published_time":"2025-09-30T15:15:58+00:00","og_image":[{"width":1000,"height":667,"url":"https:\/\/apoioaempresas.pt\/wp-content\/uploads\/2026\/01\/Press-release.jpg","type":"image\/jpeg"}],"author":"apoioemp","twitter_card":"summary_large_image","twitter_misc":{"Escrito por":"apoioemp","Tiempo de lectura":"5 minutos"},"schema":{"@context":"https:\/\/schema.org","@graph":[{"@type":"Article","@id":"https:\/\/apoioaempresas.pt\/es\/comunicado-de-prensa-la-guia-completa-para-comunicarte-con-los-medios-de-comunicacion\/#article","isPartOf":{"@id":"https:\/\/apoioaempresas.pt\/es\/comunicado-de-prensa-la-guia-completa-para-comunicarte-con-los-medios-de-comunicacion\/"},"author":{"name":"apoioemp","@id":"https:\/\/apoioaempresas.pt\/es\/#\/schema\/person\/3b85499db65dfd773fa3c4b1f693d3bd"},"headline":"Comunicado de prensa: la gu\u00eda completa para comunicarte con los medios de comunicaci\u00f3n","datePublished":"2025-09-30T15:15:58+00:00","mainEntityOfPage":{"@id":"https:\/\/apoioaempresas.pt\/es\/comunicado-de-prensa-la-guia-completa-para-comunicarte-con-los-medios-de-comunicacion\/"},"wordCount":983,"commentCount":0,"publisher":{"@id":"https:\/\/apoioaempresas.pt\/es\/#organization"},"image":{"@id":"https:\/\/apoioaempresas.pt\/es\/comunicado-de-prensa-la-guia-completa-para-comunicarte-con-los-medios-de-comunicacion\/#primaryimage"},"thumbnailUrl":"https:\/\/apoioaempresas.pt\/wp-content\/uploads\/2026\/01\/Press-release.jpg","articleSection":["Sin categorizar"],"inLanguage":"es","potentialAction":[{"@type":"CommentAction","name":"Comment","target":["https:\/\/apoioaempresas.pt\/es\/comunicado-de-prensa-la-guia-completa-para-comunicarte-con-los-medios-de-comunicacion\/#respond"]}]},{"@type":"WebPage","@id":"https:\/\/apoioaempresas.pt\/es\/comunicado-de-prensa-la-guia-completa-para-comunicarte-con-los-medios-de-comunicacion\/","url":"https:\/\/apoioaempresas.pt\/es\/comunicado-de-prensa-la-guia-completa-para-comunicarte-con-los-medios-de-comunicacion\/","name":"Comunicado de prensa: c\u00f3mo redactarlo y publicitarlo correctamente","isPartOf":{"@id":"https:\/\/apoioaempresas.pt\/es\/#website"},"primaryImageOfPage":{"@id":"https:\/\/apoioaempresas.pt\/es\/comunicado-de-prensa-la-guia-completa-para-comunicarte-con-los-medios-de-comunicacion\/#primaryimage"},"image":{"@id":"https:\/\/apoioaempresas.pt\/es\/comunicado-de-prensa-la-guia-completa-para-comunicarte-con-los-medios-de-comunicacion\/#primaryimage"},"thumbnailUrl":"https:\/\/apoioaempresas.pt\/wp-content\/uploads\/2026\/01\/Press-release.jpg","datePublished":"2025-09-30T15:15:58+00:00","description":"Descubre qu\u00e9 es un comunicado de prensa, c\u00f3mo estructurarlo y qu\u00e9 valoran los periodistas para garantizar su publicaci\u00f3n en los medios de comunicaci\u00f3n.","breadcrumb":{"@id":"https:\/\/apoioaempresas.pt\/es\/comunicado-de-prensa-la-guia-completa-para-comunicarte-con-los-medios-de-comunicacion\/#breadcrumb"},"inLanguage":"es","potentialAction":[{"@type":"ReadAction","target":["https:\/\/apoioaempresas.pt\/es\/comunicado-de-prensa-la-guia-completa-para-comunicarte-con-los-medios-de-comunicacion\/"]}]},{"@type":"ImageObject","inLanguage":"es","@id":"https:\/\/apoioaempresas.pt\/es\/comunicado-de-prensa-la-guia-completa-para-comunicarte-con-los-medios-de-comunicacion\/#primaryimage","url":"https:\/\/apoioaempresas.pt\/wp-content\/uploads\/2026\/01\/Press-release.jpg","contentUrl":"https:\/\/apoioaempresas.pt\/wp-content\/uploads\/2026\/01\/Press-release.jpg","width":1000,"height":667,"caption":"Press Release"},{"@type":"BreadcrumbList","@id":"https:\/\/apoioaempresas.pt\/es\/comunicado-de-prensa-la-guia-completa-para-comunicarte-con-los-medios-de-comunicacion\/#breadcrumb","itemListElement":[{"@type":"ListItem","position":1,"name":"Home","item":"https:\/\/apoioaempresas.pt\/es\/"},{"@type":"ListItem","position":2,"name":"Comunicado de prensa: la gu\u00eda completa para comunicarte con los medios de comunicaci\u00f3n"}]},{"@type":"WebSite","@id":"https:\/\/apoioaempresas.pt\/es\/#website","url":"https:\/\/apoioaempresas.pt\/es\/","name":"Apoio a Empresas","description":"Disponibilizamos uma variedade de servi\u00e7os de apoio a empresas, para desenvolver o seu neg\u00f3cio ou ideia de neg\u00f3cio. Contacte-nos!","publisher":{"@id":"https:\/\/apoioaempresas.pt\/es\/#organization"},"potentialAction":[{"@type":"SearchAction","target":{"@type":"EntryPoint","urlTemplate":"https:\/\/apoioaempresas.pt\/es\/?s={search_term_string}"},"query-input":{"@type":"PropertyValueSpecification","valueRequired":true,"valueName":"search_term_string"}}],"inLanguage":"es"},{"@type":"Organization","@id":"https:\/\/apoioaempresas.pt\/es\/#organization","name":"Apoio a Empresas","url":"https:\/\/apoioaempresas.pt\/es\/","logo":{"@type":"ImageObject","inLanguage":"es","@id":"https:\/\/apoioaempresas.pt\/es\/#\/schema\/logo\/image\/","url":"https:\/\/apoioaempresas.pt\/wp-content\/uploads\/2023\/07\/Apoio-a-Empresas-Logo-Quadrado.png","contentUrl":"https:\/\/apoioaempresas.pt\/wp-content\/uploads\/2023\/07\/Apoio-a-Empresas-Logo-Quadrado.png","width":500,"height":500,"caption":"Apoio a Empresas"},"image":{"@id":"https:\/\/apoioaempresas.pt\/es\/#\/schema\/logo\/image\/"},"sameAs":["https:\/\/www.facebook.com\/apoioaempresas\/","https:\/\/www.linkedin.com\/company\/apoio-a-empresas\/","https:\/\/www.facebook.com\/apoioaempresascom","https:\/\/www.linkedin.com\/company\/apoioaempresascom\/","https:\/\/www.instagram.com\/apoioaempresascom\/","https:\/\/www.instagram.com\/apoioaempresas.pt\/"]},{"@type":"Person","@id":"https:\/\/apoioaempresas.pt\/es\/#\/schema\/person\/3b85499db65dfd773fa3c4b1f693d3bd","name":"apoioemp","image":{"@type":"ImageObject","inLanguage":"es","@id":"https:\/\/apoioaempresas.pt\/es\/#\/schema\/person\/image\/","url":"https:\/\/secure.gravatar.com\/avatar\/4c81012441c6850abc4e1d995232a12521e39469045cd7a58f5461c0fcfced59?s=96&d=mm&r=g","contentUrl":"https:\/\/secure.gravatar.com\/avatar\/4c81012441c6850abc4e1d995232a12521e39469045cd7a58f5461c0fcfced59?s=96&d=mm&r=g","caption":"apoioemp"},"url":"https:\/\/apoioaempresas.pt\/es\/author\/apoioemp\/"}]}},"_links":{"self":[{"href":"https:\/\/apoioaempresas.pt\/es\/wp-json\/wp\/v2\/posts\/4488","targetHints":{"allow":["GET"]}}],"collection":[{"href":"https:\/\/apoioaempresas.pt\/es\/wp-json\/wp\/v2\/posts"}],"about":[{"href":"https:\/\/apoioaempresas.pt\/es\/wp-json\/wp\/v2\/types\/post"}],"author":[{"embeddable":true,"href":"https:\/\/apoioaempresas.pt\/es\/wp-json\/wp\/v2\/users\/2"}],"replies":[{"embeddable":true,"href":"https:\/\/apoioaempresas.pt\/es\/wp-json\/wp\/v2\/comments?post=4488"}],"version-history":[{"count":0,"href":"https:\/\/apoioaempresas.pt\/es\/wp-json\/wp\/v2\/posts\/4488\/revisions"}],"wp:featuredmedia":[{"embeddable":true,"href":"https:\/\/apoioaempresas.pt\/es\/wp-json\/wp\/v2\/media\/4445"}],"wp:attachment":[{"href":"https:\/\/apoioaempresas.pt\/es\/wp-json\/wp\/v2\/media?parent=4488"}],"wp:term":[{"taxonomy":"category","embeddable":true,"href":"https:\/\/apoioaempresas.pt\/es\/wp-json\/wp\/v2\/categories?post=4488"},{"taxonomy":"post_tag","embeddable":true,"href":"https:\/\/apoioaempresas.pt\/es\/wp-json\/wp\/v2\/tags?post=4488"}],"curies":[{"name":"wp","href":"https:\/\/api.w.org\/{rel}","templated":true}]}}