{"id":3224,"date":"2024-11-18T18:41:29","date_gmt":"2024-11-18T18:41:29","guid":{"rendered":"https:\/\/apoioaempresas.pt\/la-communication-dentreprise-dans-linternationalisation\/"},"modified":"2025-07-09T22:13:34","modified_gmt":"2025-07-09T21:13:34","slug":"la-communication-dentreprise-dans-linternationalisation","status":"publish","type":"post","link":"https:\/\/apoioaempresas.pt\/fr\/la-communication-dentreprise-dans-linternationalisation\/","title":{"rendered":"La communication d&rsquo;entreprise dans l&rsquo;internationalisation"},"content":{"rendered":"\n<p>La communication d&rsquo;entreprise est la cl\u00e9 de l&rsquo;internationalisation. Apprenez \u00e0 adapter le langage de votre marque aux nouveaux march\u00e9s et \u00e0 \u00e9tablir des relations durables \u00e0 l&rsquo;\u00e9chelle mondiale. <\/p>\n\n\n\n<h2 class=\"wp-block-heading\"><strong>Connectez-vous au Monde<\/strong><\/h2>\n\n\n\n<p><a href=\"https:\/\/apoioaempresas.pt\/fr\/projet-dinvestissement-pour-linternationalisation\/\">S&rsquo;internationaliser<\/a>, c&rsquo;est communiquer avec de nouveaux publics. Il ne s&rsquo;agit pas seulement de traduire : vous devez vous adapter, respecter et interconnecter les cultures. La communication d&rsquo;entreprise est le fil conducteur de l&rsquo;internationalisation, de la pr\u00e9sence mondiale d&rsquo;une marque.  <\/p>\n\n\n\n<h3 class=\"wp-block-heading\"><strong>Pourquoi la communication est-elle vitale dans l\u2019expansion internationale ?<\/strong><\/h3>\n\n\n\n<p>Une strat\u00e9gie de communication internationale efficace permet de :<\/p>\n\n\n\n<ul class=\"wp-block-list\">\n<li>Positionner la marque avec clart\u00e9 ;<\/li>\n\n\n\n<li>\u00c9viter les erreurs culturelles ou l\u00e9gales ;<\/li>\n\n\n\n<li>Renforcer les relations avec les <em>parties prenantes<\/em> mondiales ;<\/li>\n\n\n\n<li>Garantir la coh\u00e9rence du message de l\u2019entreprise.<\/li>\n<\/ul>\n\n\n\n<p><\/p>\n\n\n\n<h4 class=\"wp-block-heading\"><strong>\u00c9l\u00e9ments essentiels d\u2019une communication d\u2019entreprise internationale<\/strong><\/h4>\n\n\n\n<p><strong>1. Localisation des contenus<\/strong><\/p>\n\n\n\n<p>Au-del\u00e0 de la traduction : adaptation culturelle des textes, images et symboles.<\/p>\n\n\n\n<p><strong>2. Canaux adapt\u00e9s \u00e0 chaque march\u00e9<\/strong><\/p>\n\n\n\n<p>Utilisez les m\u00e9dias pr\u00e9f\u00e9r\u00e9s de votre public cible (r\u00e9seaux sociaux, applis, m\u00e9dias locaux).<\/p>\n\n\n\n<p><strong>3. Communication interne align\u00e9e<\/strong><\/p>\n\n\n\n<p>Unifiez les messages entre les \u00e9quipes multiculturelles et les bureaux \u00e0 l\u2019\u00e9tranger.<\/p>\n\n\n\n<p><strong>4. Formation interculturelle<\/strong><\/p>\n\n\n\n<p>Pr\u00e9parez les \u00e9quipes aux n\u00e9gociations, relations institutionnelles et services client.<\/p>\n\n\n\n<p><strong>5. Coh\u00e9rence et authenticit\u00e9<\/strong><\/p>\n\n\n\n<p>Adaptez la forme, mais conservez les valeurs fondamentales de la marque.<\/p>\n\n\n\n<p><strong>Votre marque est-elle pr\u00eate \u00e0 se faire entendre au-del\u00e0 des fronti\u00e8res ?<\/strong><\/p>\n\n\n\n<p><strong>Nous vous accompagnons pour communiquer globalement, avec confiance et authenticit\u00e9.<\/strong><\/p>\n","protected":false},"excerpt":{"rendered":"<p>La communication d&rsquo;entreprise est la cl\u00e9 de l&rsquo;internationalisation. Apprenez \u00e0 adapter le langage de votre marque aux nouveaux march\u00e9s et \u00e0 \u00e9tablir des relations durables \u00e0 l&rsquo;\u00e9chelle mondiale. Connectez-vous au Monde S&rsquo;internationaliser, c&rsquo;est communiquer avec de nouveaux publics. Il ne s&rsquo;agit pas seulement de traduire : vous devez vous adapter, respecter et interconnecter les cultures.&hellip;<\/p>\n","protected":false},"author":2,"featured_media":3508,"comment_status":"closed","ping_status":"closed","sticky":false,"template":"","format":"standard","meta":{"footnotes":""},"categories":[70],"tags":[],"class_list":["post-3224","post","type-post","status-publish","format-standard","has-post-thumbnail","hentry","category-communication-dentreprise","category-70","description-off"],"yoast_head":"<!-- This site is optimized with the Yoast SEO plugin v26.6 - https:\/\/yoast.com\/wordpress\/plugins\/seo\/ -->\n<title>La communication d&#039;entreprise dans l&#039;internationalisation<\/title>\n<meta name=\"description\" content=\"Business Communication in Internationalisation, Apprenez \u00e0 adapter le langage de votre marque \u00e0 de nouveaux march\u00e9s et \u00e0 de nouvelles relations.\" \/>\n<meta name=\"robots\" content=\"index, follow, max-snippet:-1, max-image-preview:large, max-video-preview:-1\" \/>\n<link rel=\"canonical\" href=\"https:\/\/apoioaempresas.pt\/fr\/la-communication-dentreprise-dans-linternationalisation\/\" \/>\n<meta property=\"og:locale\" content=\"fr_FR\" \/>\n<meta property=\"og:type\" content=\"article\" \/>\n<meta property=\"og:title\" content=\"La communication d&#039;entreprise dans l&#039;internationalisation\" \/>\n<meta property=\"og:description\" content=\"Business Communication in Internationalisation, Apprenez \u00e0 adapter le langage de votre marque \u00e0 de nouveaux march\u00e9s et \u00e0 de nouvelles relations.\" \/>\n<meta property=\"og:url\" content=\"https:\/\/apoioaempresas.pt\/fr\/la-communication-dentreprise-dans-linternationalisation\/\" \/>\n<meta property=\"og:site_name\" content=\"Apoio a Empresas\" \/>\n<meta property=\"article:publisher\" content=\"https:\/\/www.facebook.com\/apoioaempresas\/\" \/>\n<meta property=\"article:published_time\" content=\"2024-11-18T18:41:29+00:00\" \/>\n<meta property=\"article:modified_time\" content=\"2025-07-09T21:13:34+00:00\" \/>\n<meta property=\"og:image\" content=\"https:\/\/apoioaempresas.pt\/wp-content\/uploads\/2025\/07\/comunicacao-empresarial-internacionalizacao.jpg\" \/>\n\t<meta property=\"og:image:width\" content=\"640\" \/>\n\t<meta property=\"og:image:height\" content=\"360\" \/>\n\t<meta property=\"og:image:type\" content=\"image\/jpeg\" \/>\n<meta name=\"author\" content=\"apoioemp\" \/>\n<meta name=\"twitter:card\" content=\"summary_large_image\" \/>\n<meta name=\"twitter:label1\" content=\"\u00c9crit par\" \/>\n\t<meta name=\"twitter:data1\" content=\"apoioemp\" \/>\n\t<meta name=\"twitter:label2\" content=\"Dur\u00e9e de lecture estim\u00e9e\" \/>\n\t<meta name=\"twitter:data2\" content=\"1 minute\" \/>\n<script type=\"application\/ld+json\" class=\"yoast-schema-graph\">{\"@context\":\"https:\/\/schema.org\",\"@graph\":[{\"@type\":\"Article\",\"@id\":\"https:\/\/apoioaempresas.pt\/fr\/la-communication-dentreprise-dans-linternationalisation\/#article\",\"isPartOf\":{\"@id\":\"https:\/\/apoioaempresas.pt\/fr\/la-communication-dentreprise-dans-linternationalisation\/\"},\"author\":{\"name\":\"apoioemp\",\"@id\":\"https:\/\/apoioaempresas.pt\/fr\/#\/schema\/person\/3b85499db65dfd773fa3c4b1f693d3bd\"},\"headline\":\"La communication d&rsquo;entreprise dans l&rsquo;internationalisation\",\"datePublished\":\"2024-11-18T18:41:29+00:00\",\"dateModified\":\"2025-07-09T21:13:34+00:00\",\"mainEntityOfPage\":{\"@id\":\"https:\/\/apoioaempresas.pt\/fr\/la-communication-dentreprise-dans-linternationalisation\/\"},\"wordCount\":245,\"publisher\":{\"@id\":\"https:\/\/apoioaempresas.pt\/fr\/#organization\"},\"image\":{\"@id\":\"https:\/\/apoioaempresas.pt\/fr\/la-communication-dentreprise-dans-linternationalisation\/#primaryimage\"},\"thumbnailUrl\":\"https:\/\/apoioaempresas.pt\/wp-content\/uploads\/2025\/07\/comunicacao-empresarial-internacionalizacao.jpg\",\"articleSection\":[\"Communication d'entreprise\"],\"inLanguage\":\"fr-FR\"},{\"@type\":\"WebPage\",\"@id\":\"https:\/\/apoioaempresas.pt\/fr\/la-communication-dentreprise-dans-linternationalisation\/\",\"url\":\"https:\/\/apoioaempresas.pt\/fr\/la-communication-dentreprise-dans-linternationalisation\/\",\"name\":\"La communication d'entreprise dans l'internationalisation\",\"isPartOf\":{\"@id\":\"https:\/\/apoioaempresas.pt\/fr\/#website\"},\"primaryImageOfPage\":{\"@id\":\"https:\/\/apoioaempresas.pt\/fr\/la-communication-dentreprise-dans-linternationalisation\/#primaryimage\"},\"image\":{\"@id\":\"https:\/\/apoioaempresas.pt\/fr\/la-communication-dentreprise-dans-linternationalisation\/#primaryimage\"},\"thumbnailUrl\":\"https:\/\/apoioaempresas.pt\/wp-content\/uploads\/2025\/07\/comunicacao-empresarial-internacionalizacao.jpg\",\"datePublished\":\"2024-11-18T18:41:29+00:00\",\"dateModified\":\"2025-07-09T21:13:34+00:00\",\"description\":\"Business Communication in Internationalisation, Apprenez \u00e0 adapter le langage de votre marque \u00e0 de nouveaux march\u00e9s et \u00e0 de nouvelles relations.\",\"breadcrumb\":{\"@id\":\"https:\/\/apoioaempresas.pt\/fr\/la-communication-dentreprise-dans-linternationalisation\/#breadcrumb\"},\"inLanguage\":\"fr-FR\",\"potentialAction\":[{\"@type\":\"ReadAction\",\"target\":[\"https:\/\/apoioaempresas.pt\/fr\/la-communication-dentreprise-dans-linternationalisation\/\"]}]},{\"@type\":\"ImageObject\",\"inLanguage\":\"fr-FR\",\"@id\":\"https:\/\/apoioaempresas.pt\/fr\/la-communication-dentreprise-dans-linternationalisation\/#primaryimage\",\"url\":\"https:\/\/apoioaempresas.pt\/wp-content\/uploads\/2025\/07\/comunicacao-empresarial-internacionalizacao.jpg\",\"contentUrl\":\"https:\/\/apoioaempresas.pt\/wp-content\/uploads\/2025\/07\/comunicacao-empresarial-internacionalizacao.jpg\",\"width\":640,\"height\":360,\"caption\":\"Comunica\u00e7\u00e3o Empresarial na Internacionaliza\u00e7\u00e3o\"},{\"@type\":\"BreadcrumbList\",\"@id\":\"https:\/\/apoioaempresas.pt\/fr\/la-communication-dentreprise-dans-linternationalisation\/#breadcrumb\",\"itemListElement\":[{\"@type\":\"ListItem\",\"position\":1,\"name\":\"Home\",\"item\":\"https:\/\/apoioaempresas.pt\/fr\/\"},{\"@type\":\"ListItem\",\"position\":2,\"name\":\"La communication d&rsquo;entreprise dans l&rsquo;internationalisation\"}]},{\"@type\":\"WebSite\",\"@id\":\"https:\/\/apoioaempresas.pt\/fr\/#website\",\"url\":\"https:\/\/apoioaempresas.pt\/fr\/\",\"name\":\"Apoio a Empresas\",\"description\":\"Disponibilizamos uma variedade de servi\u00e7os de apoio a empresas, para desenvolver o seu neg\u00f3cio ou ideia de neg\u00f3cio. Contacte-nos!\",\"publisher\":{\"@id\":\"https:\/\/apoioaempresas.pt\/fr\/#organization\"},\"potentialAction\":[{\"@type\":\"SearchAction\",\"target\":{\"@type\":\"EntryPoint\",\"urlTemplate\":\"https:\/\/apoioaempresas.pt\/fr\/?s={search_term_string}\"},\"query-input\":{\"@type\":\"PropertyValueSpecification\",\"valueRequired\":true,\"valueName\":\"search_term_string\"}}],\"inLanguage\":\"fr-FR\"},{\"@type\":\"Organization\",\"@id\":\"https:\/\/apoioaempresas.pt\/fr\/#organization\",\"name\":\"Apoio a Empresas\",\"url\":\"https:\/\/apoioaempresas.pt\/fr\/\",\"logo\":{\"@type\":\"ImageObject\",\"inLanguage\":\"fr-FR\",\"@id\":\"https:\/\/apoioaempresas.pt\/fr\/#\/schema\/logo\/image\/\",\"url\":\"https:\/\/apoioaempresas.pt\/wp-content\/uploads\/2023\/07\/Apoio-a-Empresas-Logo-Quadrado.png\",\"contentUrl\":\"https:\/\/apoioaempresas.pt\/wp-content\/uploads\/2023\/07\/Apoio-a-Empresas-Logo-Quadrado.png\",\"width\":500,\"height\":500,\"caption\":\"Apoio a Empresas\"},\"image\":{\"@id\":\"https:\/\/apoioaempresas.pt\/fr\/#\/schema\/logo\/image\/\"},\"sameAs\":[\"https:\/\/www.facebook.com\/apoioaempresas\/\",\"https:\/\/www.linkedin.com\/company\/apoio-a-empresas\/\",\"https:\/\/www.facebook.com\/apoioaempresascom\",\"https:\/\/www.linkedin.com\/company\/apoioaempresascom\/\",\"https:\/\/www.instagram.com\/apoioaempresascom\/\",\"https:\/\/www.instagram.com\/apoioaempresas.pt\/\"]},{\"@type\":\"Person\",\"@id\":\"https:\/\/apoioaempresas.pt\/fr\/#\/schema\/person\/3b85499db65dfd773fa3c4b1f693d3bd\",\"name\":\"apoioemp\",\"image\":{\"@type\":\"ImageObject\",\"inLanguage\":\"fr-FR\",\"@id\":\"https:\/\/apoioaempresas.pt\/fr\/#\/schema\/person\/image\/\",\"url\":\"https:\/\/secure.gravatar.com\/avatar\/4c81012441c6850abc4e1d995232a12521e39469045cd7a58f5461c0fcfced59?s=96&d=mm&r=g\",\"contentUrl\":\"https:\/\/secure.gravatar.com\/avatar\/4c81012441c6850abc4e1d995232a12521e39469045cd7a58f5461c0fcfced59?s=96&d=mm&r=g\",\"caption\":\"apoioemp\"},\"url\":\"https:\/\/apoioaempresas.pt\/fr\/author\/apoioemp\/\"}]}<\/script>\n<!-- \/ Yoast SEO plugin. -->","yoast_head_json":{"title":"La communication d'entreprise dans l'internationalisation","description":"Business Communication in Internationalisation, Apprenez \u00e0 adapter le langage de votre marque \u00e0 de nouveaux march\u00e9s et \u00e0 de nouvelles relations.","robots":{"index":"index","follow":"follow","max-snippet":"max-snippet:-1","max-image-preview":"max-image-preview:large","max-video-preview":"max-video-preview:-1"},"canonical":"https:\/\/apoioaempresas.pt\/fr\/la-communication-dentreprise-dans-linternationalisation\/","og_locale":"fr_FR","og_type":"article","og_title":"La communication d'entreprise dans l'internationalisation","og_description":"Business Communication in Internationalisation, Apprenez \u00e0 adapter le langage de votre marque \u00e0 de nouveaux march\u00e9s et \u00e0 de nouvelles relations.","og_url":"https:\/\/apoioaempresas.pt\/fr\/la-communication-dentreprise-dans-linternationalisation\/","og_site_name":"Apoio a Empresas","article_publisher":"https:\/\/www.facebook.com\/apoioaempresas\/","article_published_time":"2024-11-18T18:41:29+00:00","article_modified_time":"2025-07-09T21:13:34+00:00","og_image":[{"width":640,"height":360,"url":"https:\/\/apoioaempresas.pt\/wp-content\/uploads\/2025\/07\/comunicacao-empresarial-internacionalizacao.jpg","type":"image\/jpeg"}],"author":"apoioemp","twitter_card":"summary_large_image","twitter_misc":{"\u00c9crit par":"apoioemp","Dur\u00e9e de lecture estim\u00e9e":"1 minute"},"schema":{"@context":"https:\/\/schema.org","@graph":[{"@type":"Article","@id":"https:\/\/apoioaempresas.pt\/fr\/la-communication-dentreprise-dans-linternationalisation\/#article","isPartOf":{"@id":"https:\/\/apoioaempresas.pt\/fr\/la-communication-dentreprise-dans-linternationalisation\/"},"author":{"name":"apoioemp","@id":"https:\/\/apoioaempresas.pt\/fr\/#\/schema\/person\/3b85499db65dfd773fa3c4b1f693d3bd"},"headline":"La communication d&rsquo;entreprise dans l&rsquo;internationalisation","datePublished":"2024-11-18T18:41:29+00:00","dateModified":"2025-07-09T21:13:34+00:00","mainEntityOfPage":{"@id":"https:\/\/apoioaempresas.pt\/fr\/la-communication-dentreprise-dans-linternationalisation\/"},"wordCount":245,"publisher":{"@id":"https:\/\/apoioaempresas.pt\/fr\/#organization"},"image":{"@id":"https:\/\/apoioaempresas.pt\/fr\/la-communication-dentreprise-dans-linternationalisation\/#primaryimage"},"thumbnailUrl":"https:\/\/apoioaempresas.pt\/wp-content\/uploads\/2025\/07\/comunicacao-empresarial-internacionalizacao.jpg","articleSection":["Communication d'entreprise"],"inLanguage":"fr-FR"},{"@type":"WebPage","@id":"https:\/\/apoioaempresas.pt\/fr\/la-communication-dentreprise-dans-linternationalisation\/","url":"https:\/\/apoioaempresas.pt\/fr\/la-communication-dentreprise-dans-linternationalisation\/","name":"La communication d'entreprise dans l'internationalisation","isPartOf":{"@id":"https:\/\/apoioaempresas.pt\/fr\/#website"},"primaryImageOfPage":{"@id":"https:\/\/apoioaempresas.pt\/fr\/la-communication-dentreprise-dans-linternationalisation\/#primaryimage"},"image":{"@id":"https:\/\/apoioaempresas.pt\/fr\/la-communication-dentreprise-dans-linternationalisation\/#primaryimage"},"thumbnailUrl":"https:\/\/apoioaempresas.pt\/wp-content\/uploads\/2025\/07\/comunicacao-empresarial-internacionalizacao.jpg","datePublished":"2024-11-18T18:41:29+00:00","dateModified":"2025-07-09T21:13:34+00:00","description":"Business Communication in Internationalisation, Apprenez \u00e0 adapter le langage de votre marque \u00e0 de nouveaux march\u00e9s et \u00e0 de nouvelles relations.","breadcrumb":{"@id":"https:\/\/apoioaempresas.pt\/fr\/la-communication-dentreprise-dans-linternationalisation\/#breadcrumb"},"inLanguage":"fr-FR","potentialAction":[{"@type":"ReadAction","target":["https:\/\/apoioaempresas.pt\/fr\/la-communication-dentreprise-dans-linternationalisation\/"]}]},{"@type":"ImageObject","inLanguage":"fr-FR","@id":"https:\/\/apoioaempresas.pt\/fr\/la-communication-dentreprise-dans-linternationalisation\/#primaryimage","url":"https:\/\/apoioaempresas.pt\/wp-content\/uploads\/2025\/07\/comunicacao-empresarial-internacionalizacao.jpg","contentUrl":"https:\/\/apoioaempresas.pt\/wp-content\/uploads\/2025\/07\/comunicacao-empresarial-internacionalizacao.jpg","width":640,"height":360,"caption":"Comunica\u00e7\u00e3o Empresarial na Internacionaliza\u00e7\u00e3o"},{"@type":"BreadcrumbList","@id":"https:\/\/apoioaempresas.pt\/fr\/la-communication-dentreprise-dans-linternationalisation\/#breadcrumb","itemListElement":[{"@type":"ListItem","position":1,"name":"Home","item":"https:\/\/apoioaempresas.pt\/fr\/"},{"@type":"ListItem","position":2,"name":"La communication d&rsquo;entreprise dans l&rsquo;internationalisation"}]},{"@type":"WebSite","@id":"https:\/\/apoioaempresas.pt\/fr\/#website","url":"https:\/\/apoioaempresas.pt\/fr\/","name":"Apoio a Empresas","description":"Disponibilizamos uma variedade de servi\u00e7os de apoio a empresas, para desenvolver o seu neg\u00f3cio ou ideia de neg\u00f3cio. Contacte-nos!","publisher":{"@id":"https:\/\/apoioaempresas.pt\/fr\/#organization"},"potentialAction":[{"@type":"SearchAction","target":{"@type":"EntryPoint","urlTemplate":"https:\/\/apoioaempresas.pt\/fr\/?s={search_term_string}"},"query-input":{"@type":"PropertyValueSpecification","valueRequired":true,"valueName":"search_term_string"}}],"inLanguage":"fr-FR"},{"@type":"Organization","@id":"https:\/\/apoioaempresas.pt\/fr\/#organization","name":"Apoio a Empresas","url":"https:\/\/apoioaempresas.pt\/fr\/","logo":{"@type":"ImageObject","inLanguage":"fr-FR","@id":"https:\/\/apoioaempresas.pt\/fr\/#\/schema\/logo\/image\/","url":"https:\/\/apoioaempresas.pt\/wp-content\/uploads\/2023\/07\/Apoio-a-Empresas-Logo-Quadrado.png","contentUrl":"https:\/\/apoioaempresas.pt\/wp-content\/uploads\/2023\/07\/Apoio-a-Empresas-Logo-Quadrado.png","width":500,"height":500,"caption":"Apoio a Empresas"},"image":{"@id":"https:\/\/apoioaempresas.pt\/fr\/#\/schema\/logo\/image\/"},"sameAs":["https:\/\/www.facebook.com\/apoioaempresas\/","https:\/\/www.linkedin.com\/company\/apoio-a-empresas\/","https:\/\/www.facebook.com\/apoioaempresascom","https:\/\/www.linkedin.com\/company\/apoioaempresascom\/","https:\/\/www.instagram.com\/apoioaempresascom\/","https:\/\/www.instagram.com\/apoioaempresas.pt\/"]},{"@type":"Person","@id":"https:\/\/apoioaempresas.pt\/fr\/#\/schema\/person\/3b85499db65dfd773fa3c4b1f693d3bd","name":"apoioemp","image":{"@type":"ImageObject","inLanguage":"fr-FR","@id":"https:\/\/apoioaempresas.pt\/fr\/#\/schema\/person\/image\/","url":"https:\/\/secure.gravatar.com\/avatar\/4c81012441c6850abc4e1d995232a12521e39469045cd7a58f5461c0fcfced59?s=96&d=mm&r=g","contentUrl":"https:\/\/secure.gravatar.com\/avatar\/4c81012441c6850abc4e1d995232a12521e39469045cd7a58f5461c0fcfced59?s=96&d=mm&r=g","caption":"apoioemp"},"url":"https:\/\/apoioaempresas.pt\/fr\/author\/apoioemp\/"}]}},"_links":{"self":[{"href":"https:\/\/apoioaempresas.pt\/fr\/wp-json\/wp\/v2\/posts\/3224","targetHints":{"allow":["GET"]}}],"collection":[{"href":"https:\/\/apoioaempresas.pt\/fr\/wp-json\/wp\/v2\/posts"}],"about":[{"href":"https:\/\/apoioaempresas.pt\/fr\/wp-json\/wp\/v2\/types\/post"}],"author":[{"embeddable":true,"href":"https:\/\/apoioaempresas.pt\/fr\/wp-json\/wp\/v2\/users\/2"}],"replies":[{"embeddable":true,"href":"https:\/\/apoioaempresas.pt\/fr\/wp-json\/wp\/v2\/comments?post=3224"}],"version-history":[{"count":0,"href":"https:\/\/apoioaempresas.pt\/fr\/wp-json\/wp\/v2\/posts\/3224\/revisions"}],"wp:featuredmedia":[{"embeddable":true,"href":"https:\/\/apoioaempresas.pt\/fr\/wp-json\/wp\/v2\/media\/3508"}],"wp:attachment":[{"href":"https:\/\/apoioaempresas.pt\/fr\/wp-json\/wp\/v2\/media?parent=3224"}],"wp:term":[{"taxonomy":"category","embeddable":true,"href":"https:\/\/apoioaempresas.pt\/fr\/wp-json\/wp\/v2\/categories?post=3224"},{"taxonomy":"post_tag","embeddable":true,"href":"https:\/\/apoioaempresas.pt\/fr\/wp-json\/wp\/v2\/tags?post=3224"}],"curies":[{"name":"wp","href":"https:\/\/api.w.org\/{rel}","templated":true}]}}