{"id":4225,"date":"2025-07-05T14:11:22","date_gmt":"2025-07-05T13:11:22","guid":{"rendered":"https:\/\/apoioaempresas.pt\/domicilio-fiscal-vs-residence-fiscale-les-differences-essentielles\/"},"modified":"2025-09-05T14:11:22","modified_gmt":"2025-09-05T13:11:22","slug":"domicilio-fiscal-vs-residence-fiscale-les-differences-essentielles","status":"publish","type":"post","link":"https:\/\/apoioaempresas.pt\/fr\/domicilio-fiscal-vs-residence-fiscale-les-differences-essentielles\/","title":{"rendered":"Domicilio Fiscal vs R\u00e9sidence Fiscale : Les diff\u00e9rences essentielles"},"content":{"rendered":"\n<p>L\u2019administration fiscale portugaise utilise des termes qui, dans la vie quotidienne, semblent synonymes, mais qui, dans le domaine juridique et fiscal, ont des significations distinctes et des cons\u00e9quences tr\u00e8s s\u00e9rieuses. La confusion entre Domicilio Fiscal et R\u00e9sidence Fiscale est l\u2019une des plus courantes chez les contribuables. Beaucoup supposent, par exemple, que le lieu o\u00f9 ils vivent correspond automatiquement \u00e0 leur domicile et \u00e0 leur r\u00e9sidence aupr\u00e8s de l\u2019Autoridade Tribut\u00e1ria (AT), ce qui n\u2019est pas toujours exact.  <\/p>\n\n\n\n<p>Comprendre cette distinction est fondamental, non seulement pour se conformer \u00e0 la loi, mais aussi pour \u00e9viter des amendes, garantir l\u2019application correcte des taux d\u2019imposition et d\u00e9terminer quel pays a le droit de taxer vos revenus. Cet article vise \u00e0 d\u00e9mystifier ces concepts, en pr\u00e9sentant le cadre l\u00e9gal portugais, leurs implications pratiques et leur pertinence dans le contexte de la fiscalit\u00e9 internationale. <\/p>\n\n\n\n<h2 class=\"wp-block-heading\">Domicilio Fiscal vs R\u00e9sidence Fiscale : la diff\u00e9rence cruciale<\/h2>\n\n\n\n<p>La r\u00e9ponse directe \u00e0 la question initiale est : non, Domicilio Fiscal et R\u00e9sidence Fiscale ne sont pas identiques, bien qu\u2019ils co\u00efncident souvent dans la pratique. La diff\u00e9rence r\u00e9side essentiellement dans leur finalit\u00e9 et dans les r\u00e8gles qui les d\u00e9finissent dans le cadre l\u00e9gal portugais. <\/p>\n\n\n\n<h3 class=\"wp-block-heading\">Qu\u2019est-ce que le Domicilio Fiscal ?<\/h3>\n\n\n\n<p>Le Domicilio Fiscal est l\u2019adresse de r\u00e9f\u00e9rence du contribuable aupr\u00e8s de l\u2019Autoridade Tribut\u00e1ria e Aduaneira (AT). Il s\u2019agit donc d\u2019une exigence administrative et l\u00e9gale, consacr\u00e9e par le C\u00f3digo Geral Tribut\u00e1rio (CGT), qui oblige la personne physique ou morale \u00e0 disposer d\u2019une adresse pour la notification et la communication. <\/p>\n\n\n\n<ul class=\"wp-block-list\">\n<li>Finalit\u00e9 : Garantir que l\u2019AT dispose d\u2019un lieu fiable pour envoyer notifications, avis d\u2019imposition et autres documents officiels. <\/li>\n\n\n\n<li>Nature : Essentiellement administrative. Le contribuable a l\u2019obligation l\u00e9gale de d\u00e9clarer toute modification de son domicile fiscal dans un d\u00e9lai de 60 jours. <\/li>\n<\/ul>\n\n\n\n<p>Pour les personnes physiques, le Domicilio Fiscal correspond g\u00e9n\u00e9ralement au lieu de r\u00e9sidence habituelle. Cependant, ce qui pr\u00e9vaut est l\u2019adresse enregistr\u00e9e et valid\u00e9e sur le <a href=\"https:\/\/www.portaldasfinancas.gov.pt\/\" target=\"_blank\" rel=\"noreferrer noopener\">Portal das Finan\u00e7as<\/a>. <\/p>\n\n\n\n<h3 class=\"wp-block-heading\">Qu\u2019est-ce que la R\u00e9sidence Fiscale ?<\/h3>\n\n\n\n<p>La R\u00e9sidence Fiscale est le concept cl\u00e9 qui d\u00e9termine quel pays a le droit d\u2019imposer la totalit\u00e9 des revenus d\u2019un individu. Sa d\u00e9finition au Portugal est fix\u00e9e \u00e0 l\u2019article 16 du <a href=\"https:\/\/diariodarepublica.pt\/dr\/legislacao-consolidada\/lei\/2014-70048167\" target=\"_blank\" rel=\"noreferrer noopener\">C\u00f3digo do Imposto sobre o Rendimento das Pessoas Singulares<\/a> (CIRS) et a une nature strictement fiscale. <\/p>\n\n\n\n<ul class=\"wp-block-list\">\n<li>Finalit\u00e9 : D\u00e9terminer si le contribuable est r\u00e9sident au Portugal et, le cas \u00e9ch\u00e9ant, imposable sur ses revenus mondiaux (worldwide income), ou s\u2019il est non-r\u00e9sident et impose uniquement les revenus obtenus sur le territoire portugais (source income).<\/li>\n\n\n\n<li>Nature : Strictement fiscale. Elle d\u00e9pend de crit\u00e8res de fait et de droit, non de la volont\u00e9 de l\u2019individu. <\/li>\n<\/ul>\n\n\n\n<p>Ainsi, la distinction r\u00e9side dans la finalit\u00e9 : le Domicilio Fiscal correspond au \u00ab o\u00f9 \u00bb l\u2019AT contacte le contribuable, tandis que la R\u00e9sidence Fiscale d\u00e9termine \u00ab qui \u00bb a le pouvoir l\u00e9gal de le taxer.<\/p>\n\n\n\n<h2 class=\"wp-block-heading\">Facteurs d\u00e9terminants pour la r\u00e9sidence fiscale au Portugal<\/h2>\n\n\n\n<p>L\u2019article 16 du CIRS d\u00e9finit les conditions dans lesquelles une personne physique est consid\u00e9r\u00e9e comme r\u00e9sidente au Portugal \u00e0 des fins fiscales. Ces crit\u00e8res d\u00e9terminent son obligation d\u2019imposition dans le pays. <\/p>\n\n\n\n<ol start=\"1\" class=\"wp-block-list\">\n<li>R\u00e8gle des 183 jours : Est consid\u00e9r\u00e9 r\u00e9sident celui qui, au cours d\u2019une ann\u00e9e civile, s\u00e9journe au Portugal plus de 183 jours, cons\u00e9cutifs ou non. Les jours de d\u00e9part et d\u2019arriv\u00e9e sont inclus dans le calcul. <\/li>\n\n\n\n<li>Habitation permanente : Est \u00e9galement r\u00e9sident celui qui poss\u00e8de, \u00e0 tout moment de l\u2019ann\u00e9e concern\u00e9e par les revenus, un logement en \u00e9tat d\u2019\u00eatre occup\u00e9, laissant pr\u00e9sumer l\u2019intention d\u2019y habiter de mani\u00e8re habituelle. Ce crit\u00e8re emp\u00eache qu\u2019un contribuable, en restant moins de 183 jours, ait n\u00e9anmoins son centre de vie familial et social au Portugal. <\/li>\n\n\n\n<li>Membres d\u2019\u00e9quipage : S\u2019applique aux membres d\u2019\u00e9quipages de navires ou d\u2019a\u00e9ronefs au service d\u2019entit\u00e9s ayant r\u00e9sidence, si\u00e8ge ou direction effective au Portugal.<\/li>\n<\/ol>\n\n\n\n<blockquote class=\"wp-block-quote is-layout-flow wp-block-quote-is-layout-flow\">\n<p><em>Important : si un individu r\u00e9pond \u00e0 l\u2019un de ces crit\u00e8res, il est consid\u00e9r\u00e9 comme r\u00e9sident fiscal au Portugal et soumis \u00e0 l\u2019imposition de l\u2019int\u00e9gralit\u00e9 de ses revenus, o\u00f9 qu\u2019ils soient per\u00e7us.<\/em><\/p>\n<\/blockquote>\n\n\n\n<h2 class=\"wp-block-heading\">Implications pratiques : l\u2019importance de maintenir le domicile \u00e0 jour<\/h2>\n\n\n\n<p>Le non-respect de l\u2019obligation de tenir \u00e0 jour le Domicilio Fiscal entra\u00eene des cons\u00e9quences l\u00e9gales et financi\u00e8res s\u00e9rieuses.<\/p>\n\n\n\n<h3 class=\"wp-block-heading\">1. Impact sur les notifications et d\u00e9lais<\/h3>\n\n\n\n<p>Le Domicilio Fiscal re\u00e7oit toutes les communications de l\u2019AT, y compris avis d\u2019imposition, dettes fiscales ou d\u00e9marrage de proc\u00e9dures d\u2019ex\u00e9cution. Si l\u2019adresse n\u2019est pas mise \u00e0 jour, l\u2019AT consid\u00e8re que la notification a \u00e9t\u00e9 effectu\u00e9e l\u00e9galement, m\u00eame si le contribuable ne l\u2019a pas re\u00e7ue. <\/p>\n\n\n\n<ul class=\"wp-block-list\">\n<li><em>Risque : le contribuable peut manquer les d\u00e9lais pour les r\u00e9clamations, contestations ou paiements, ce qui peut entra\u00eener des amendes et des int\u00e9r\u00eats de retard \u00e9lev\u00e9s.<\/em><\/li>\n<\/ul>\n\n\n\n<h3 class=\"wp-block-heading\">2. Acc\u00e8s aux r\u00e9gimes sp\u00e9ciaux<\/h3>\n\n\n\n<p>D\u00e9finir correctement la r\u00e9sidence fiscale permet d\u2019acc\u00e9der \u00e0 des r\u00e9gimes sp\u00e9ciaux, tels que le R\u00e9gime du R\u00e9sident Non Habituel (RNH). Pour b\u00e9n\u00e9ficier du RNH, le contribuable doit prouver qu\u2019il n\u2019a pas \u00e9t\u00e9 consid\u00e9r\u00e9 comme r\u00e9sident au Portugal au cours des cinq ann\u00e9es pr\u00e9c\u00e9dant son changement de r\u00e9sidence fiscale pour le pays. <\/p>\n\n\n\n<h3 class=\"wp-block-heading\">3. Amendes pour non-respect<\/h3>\n\n\n\n<p>Le CGT et le Regime Geral das Infra\u00e7\u00f5es Tribut\u00e1rias (RGIT) pr\u00e9voient des sanctions pour d\u00e9faut de communication ou communication tardive d\u2019un changement de domicile. <\/p>\n\n\n\n<h2 class=\"wp-block-heading\">Dimension internationale : conventions de double imposition<\/h2>\n\n\n\n<p>Le probl\u00e8me de la double imposition survient lorsque deux ou plusieurs pays consid\u00e8rent le m\u00eame individu comme r\u00e9sident fiscal et souhaitent taxer ses revenus mondiaux. Pour r\u00e9soudre ce conflit, la majorit\u00e9 des pays, dont le Portugal, ont sign\u00e9 des Conventions pour \u00c9liminer la Double Imposition (CDI). Ces conventions suivent g\u00e9n\u00e9ralement le mod\u00e8le de l\u2019OCDE, garantissant s\u00e9curit\u00e9 et pr\u00e9visibilit\u00e9 dans la fiscalit\u00e9 internationale.  <\/p>\n\n\n\n<h3 class=\"wp-block-heading\">R\u00e8gles de tie-breaker (d\u00e9sambigu\u00efsation)<\/h3>\n\n\n\n<p>Lorsqu\u2019un individu remplit les crit\u00e8res de r\u00e9sidence dans deux pays signataires d\u2019une CDI, les r\u00e8gles de tie-breaker s\u2019appliquent dans l\u2019ordre suivant :<\/p>\n\n\n\n<ol start=\"1\" class=\"wp-block-list\">\n<li>Habitation permanente : r\u00e9sidence l\u00e0 o\u00f9 l\u2019individu dispose d\u2019un logement permanent.<\/li>\n\n\n\n<li>Centre d\u2019int\u00e9r\u00eats vitaux : si habitation permanente dans les deux pays, r\u00e9sidence l\u00e0 o\u00f9 se trouvent les int\u00e9r\u00eats personnels et \u00e9conomiques les plus \u00e9troits.<\/li>\n\n\n\n<li>S\u00e9jour habituel : si le centre d\u2019int\u00e9r\u00eats ne peut \u00eatre d\u00e9termin\u00e9, r\u00e9sidence l\u00e0 o\u00f9 l\u2019individu s\u00e9journe le plus longtemps.<\/li>\n\n\n\n<li>Nationalit\u00e9 : si aucune r\u00e8gle pr\u00e9c\u00e9dente ne r\u00e9sout la situation.<\/li>\n\n\n\n<li>Accord mutuel : les autorit\u00e9s des deux pays r\u00e9solvent la situation par accord.<\/li>\n<\/ol>\n\n\n\n<p>Ces r\u00e8gles \u00e9vitent la double imposition et assurent qu\u2019un individu est r\u00e9sident fiscal d\u2019un seul pays.<br><\/p>\n\n\n\n<h2 class=\"wp-block-heading\"><strong>Mythes et r\u00e9alit\u00e9s concernant la r\u00e9sidence fiscale<\/strong><\/h2>\n\n\n\n<figure class=\"wp-block-table\"><table class=\"has-fixed-layout\"><thead><tr><td class=\"has-text-align-left\" data-align=\"left\">Mythe<\/td><td>R\u00e9alit\u00e9 l\u00e9gale et fiscale<\/td><\/tr><\/thead><tbody><tr><td class=\"has-text-align-left\" data-align=\"left\"><strong>\u00ab Si je suis citoyen portugais, je suis r\u00e9sident fiscal au Portugal. \u00bb<\/strong><\/td><td><strong>Faux.<\/strong> La nationalit\u00e9 n\u2019est qu\u2019un crit\u00e8re de tie-breaker dans les CDI. <\/td><\/tr><tr><td class=\"has-text-align-left\" data-align=\"left\"><strong>\u00ab Si je travaille \u00e0 l\u2019\u00e9tranger, je perds automatiquement ma r\u00e9sidence fiscale au Portugal. \u00bb<\/strong><\/td><td><strong>Faux.<\/strong> La non-r\u00e9sidence doit r\u00e9pondre aux crit\u00e8res de l\u2019article 16 du CIRS et \u00eatre notifi\u00e9e.<\/td><\/tr><tr><td class=\"has-text-align-left\" data-align=\"left\"><strong>\u00ab Changer l\u2019adresse sur la Carte d\u2019Identit\u00e9 suffit \u00e0 modifier le Domicilio Fiscal. \u00bb<\/strong><\/td><td><strong>Faux.<\/strong> Bien que la Carte d\u2019Identit\u00e9 (CC) et le Domicile Fiscal soient li\u00e9s, le simple changement sur la CC n\u2019est pas suffisant. Il est obligatoire de valider ou de d\u00e9clarer la modification sur le Portal das Finan\u00e7as (par exemple via la Chave M\u00f3vel Digital). <\/td><\/tr><tr><td class=\"has-text-align-left\" data-align=\"left\"><strong>\u00ab Si je suis non-r\u00e9sident, je n\u2019ai rien \u00e0 d\u00e9clarer. \u00bb<\/strong><\/td><td><strong>Faux.<\/strong> Les non-r\u00e9sidents d\u00e9clarent uniquement les revenus obtenus au Portugal.<\/td><\/tr><\/tbody><\/table><\/figure>\n\n\n\n<h2 class=\"wp-block-heading\">Apoio a Empresas : les bureaux virtuels et le Domicilio Fiscal<\/h2>\n\n\n\n<p>L\u2019obligation de disposer d\u2019un Domicilio Fiscal s\u2019applique \u00e9galement aux entreprises (personnes morales), qui d\u00e9signent cette adresse comme si\u00e8ge social. Dans un environnement entrepreneurial en constante \u00e9volution, la flexibilit\u00e9 et l\u2019efficacit\u00e9 sont plus importantes que jamais, notamment pour les start-ups, PME ou entreprises en expansion \u00e0 Porto et Maia. <\/p>\n\n\n\n<p>Ainsi, les <a href=\"https:\/\/apoioaempresas.pt\/fr\/services\/bureaux-virtuels\/\">bureaux virtuels<\/a> apparaissent comme une r\u00e9ponse intelligente aux besoins actuels, offrant une adresse physique cr\u00e9dible pour votre entreprise, sans les co\u00fbts fixes d\u2019un bureau traditionnel.<\/p>\n\n\n\n<h3 class=\"wp-block-heading\">Avantages des bureaux virtuels dans la gestion de l\u2019adresse de l\u2019entreprise<\/h3>\n\n\n\n<p>Avec un bureau virtuel, les entreprises peuvent fonctionner de mani\u00e8re plus agile et adaptable, sans \u00eatre li\u00e9es, par exemple, \u00e0 des contrats de location \u00e0 long terme, \u00e0 des frais d\u2019entretien ou \u00e0 des factures d\u2019eau et d\u2019\u00e9lectricit\u00e9.<\/p>\n\n\n\n<ol start=\"1\" class=\"wp-block-list\">\n<li>Conformit\u00e9 fiscale et administrative : Les bureaux virtuels fournissent une adresse l\u00e9gale valide, que l\u2019entreprise peut enregistrer comme Domicilio Fiscal ou si\u00e8ge social aupr\u00e8s de l\u2019Autoridade Tribut\u00e1ria et du Registre du Commerce.<\/li>\n\n\n\n<li>Cr\u00e9dibilit\u00e9 et image : M\u00eame si votre \u00e9quipe travaille \u00e0 distance, disposer d\u2019une adresse physique dans des emplacements strat\u00e9giques (comme Porto ou Maia) avec des services de r\u00e9ception t\u00e9l\u00e9phonique et de courrier renforce la cr\u00e9dibilit\u00e9 aupr\u00e8s des clients, fournisseurs et partenaires.<\/li>\n\n\n\n<li>Concentration sur le c\u0153ur de m\u00e9tier : En d\u00e9l\u00e9guant la r\u00e9ception du courrier officiel et l\u2019accueil initial, la direction peut se concentrer sur ses activit\u00e9s principales, tandis que le Domicilio Fiscal est assur\u00e9 professionnellement.<\/li>\n<\/ol>\n\n\n\n<p>D\u00e9sormais que vous connaissez tous les avantages qu\u2019une telle solution peut offrir pour la gestion efficace de votre Domicilio Fiscal et pour la cr\u00e9dibilit\u00e9 de votre entreprise, il est strat\u00e9gique de consid\u00e9rer un service de bureau virtuel lors de la cr\u00e9ation ou de l\u2019expansion de votre pr\u00e9sence.<\/p>\n\n\n\n<h2 class=\"wp-block-heading\">Questions fr\u00e9quentes sur le Domicilio et la R\u00e9sidence<\/h2>\n\n\n\n<h3 class=\"wp-block-heading\"><strong>Comment puis-je modifier mon Domicilio Fiscal ?<\/strong><\/h3>\n\n\n\n<p>Vous pouvez changer votre adresse en ligne via le Portal das Finan\u00e7as, en utilisant la Chave M\u00f3vel Digital ou votre mot de passe. Cette m\u00e9thode est la plus rapide et s\u00e9curis\u00e9e. La modification doit \u00eatre communiqu\u00e9e dans les 60 jours suivant le changement effectif de domicile.  <\/p>\n\n\n\n<h3 class=\"wp-block-heading\"><strong>Que se passe-t-il si je ne communique pas la modification de mon Domicilio Fiscal ?<\/strong><\/h3>\n\n\n\n<p>Si vous ne mettez pas \u00e0 jour l\u2019adresse, l\u2019AT continue de consid\u00e9rer votre ancienne adresse comme domicile l\u00e9gal. Les notifications envoy\u00e9es \u00e0 cette adresse sont valides, et vous risquez de perdre des d\u00e9lais ou de recevoir des amendes pour non-respect de l\u2019obligation d\u00e9clarative. <\/p>\n\n\n\n<h3 class=\"wp-block-heading\"><strong>O\u00f9 dois-je d\u00e9poser ma d\u00e9claration IRS si j\u2019ai d\u00e9m\u00e9nag\u00e9 \u00e0 l\u2019\u00e9tranger ?<\/strong><\/h3>\n\n\n\n<p>Si vous avez cess\u00e9 d\u2019\u00eatre r\u00e9sident fiscal au Portugal pour l\u2019ann\u00e9e d\u2019imposition concern\u00e9e et que vous remplissez les crit\u00e8res l\u00e9gaux, votre d\u00e9claration IRS (Mod\u00e8le 3) doit refl\u00e9ter ce changement. Toutefois, si vous percevez des revenus de source portugaise en tant que non-r\u00e9sident, vous restez tenu de les d\u00e9clarer. <\/p>\n\n\n\n<h2 class=\"wp-block-heading\">Domicilio Fiscal vs R\u00e9sidence Fiscale : l\u2019essentiel pour garantir la conformit\u00e9<\/h2>\n\n\n\n<p>En somme, distinguer entre Domicilio Fiscal et R\u00e9sidence Fiscale va au-del\u00e0 de la s\u00e9mantique : cette distinction soutient votre relation avec l\u2019Autoridade Tribut\u00e1ria et garantit l\u2019application correcte de la loi fiscale. Le Domicilio Fiscal permet d\u2019indiquer votre adresse administrative obligatoire, tandis que la R\u00e9sidence Fiscale d\u00e9termine votre statut fiscal et o\u00f9 vos revenus seront impos\u00e9s.  <\/p>\n\n\n\n<p>Maintenir le Domicilio Fiscal \u00e0 jour est une responsabilit\u00e9 administrative. D\u00e9terminer correctement la R\u00e9sidence Fiscale, \u00e0 la lumi\u00e8re de l\u2019article 16 du CIRS et des conventions internationales, constitue une obligation fiscale aux implications financi\u00e8res importantes. Dans un contexte de mondialisation et de mobilit\u00e9 accrue, cette clart\u00e9 est la premi\u00e8re \u00e9tape pour garantir la conformit\u00e9 et \u00e9viter la double imposition.  <\/p>\n","protected":false},"excerpt":{"rendered":"<p>Le Domicilio Fiscal et la R\u00e9sidence Fiscale sont-ils la m\u00eame chose ? Non. Comprenez les diff\u00e9rences cruciales et les obligations l\u00e9gales au Portugal.  <\/p>\n","protected":false},"author":2,"featured_media":4015,"comment_status":"closed","ping_status":"closed","sticky":false,"template":"","format":"standard","meta":{"footnotes":""},"categories":[70,90],"tags":[],"class_list":["post-4225","post","type-post","status-publish","format-standard","has-post-thumbnail","hentry","category-communication-dentreprise","category-marketing-numerique","category-70","category-90","description-off"],"yoast_head":"<!-- This site is optimized with the Yoast SEO plugin v26.6 - https:\/\/yoast.com\/wordpress\/plugins\/seo\/ -->\n<title>Domicilio Fiscal vs R\u00e9sidence Fiscale : Les diff\u00e9rences essentielles<\/title>\n<meta name=\"description\" content=\"Le Domicilio Fiscal et la R\u00e9sidence Fiscale sont-ils la m\u00eame chose ? Non. Comprenez les diff\u00e9rences cruciales et les obligations l\u00e9gales au Portugal.\" \/>\n<meta name=\"robots\" content=\"index, follow, max-snippet:-1, max-image-preview:large, max-video-preview:-1\" \/>\n<link rel=\"canonical\" href=\"https:\/\/apoioaempresas.pt\/fr\/domicilio-fiscal-vs-residence-fiscale-les-differences-essentielles\/\" \/>\n<meta property=\"og:locale\" content=\"fr_FR\" \/>\n<meta property=\"og:type\" content=\"article\" \/>\n<meta property=\"og:title\" content=\"Domicilio Fiscal vs R\u00e9sidence Fiscale : Les diff\u00e9rences essentielles\" \/>\n<meta property=\"og:description\" content=\"Le Domicilio Fiscal et la R\u00e9sidence Fiscale sont-ils la m\u00eame chose ? Non. Comprenez les diff\u00e9rences cruciales et les obligations l\u00e9gales au Portugal.\" \/>\n<meta property=\"og:url\" content=\"https:\/\/apoioaempresas.pt\/fr\/domicilio-fiscal-vs-residence-fiscale-les-differences-essentielles\/\" \/>\n<meta property=\"og:site_name\" content=\"Apoio a Empresas\" \/>\n<meta property=\"article:publisher\" content=\"https:\/\/www.facebook.com\/apoioaempresas\/\" \/>\n<meta property=\"article:published_time\" content=\"2025-07-05T13:11:22+00:00\" \/>\n<meta property=\"article:modified_time\" content=\"2025-09-05T13:11:22+00:00\" \/>\n<meta property=\"og:image\" content=\"https:\/\/apoioaempresas.pt\/wp-content\/uploads\/2025\/09\/domicilio-fiscal-vs-residencia-fiscal-diferencas.jpg\" \/>\n\t<meta property=\"og:image:width\" content=\"1000\" \/>\n\t<meta property=\"og:image:height\" content=\"667\" \/>\n\t<meta property=\"og:image:type\" content=\"image\/jpeg\" \/>\n<meta name=\"author\" content=\"apoioemp\" \/>\n<meta name=\"twitter:card\" content=\"summary_large_image\" \/>\n<meta name=\"twitter:label1\" content=\"\u00c9crit par\" \/>\n\t<meta name=\"twitter:data1\" content=\"apoioemp\" \/>\n\t<meta name=\"twitter:label2\" content=\"Dur\u00e9e de lecture estim\u00e9e\" \/>\n\t<meta name=\"twitter:data2\" content=\"10 minutes\" \/>\n<script type=\"application\/ld+json\" class=\"yoast-schema-graph\">{\"@context\":\"https:\/\/schema.org\",\"@graph\":[{\"@type\":\"Article\",\"@id\":\"https:\/\/apoioaempresas.pt\/fr\/domicilio-fiscal-vs-residence-fiscale-les-differences-essentielles\/#article\",\"isPartOf\":{\"@id\":\"https:\/\/apoioaempresas.pt\/fr\/domicilio-fiscal-vs-residence-fiscale-les-differences-essentielles\/\"},\"author\":{\"name\":\"apoioemp\",\"@id\":\"https:\/\/apoioaempresas.pt\/fr\/#\/schema\/person\/3b85499db65dfd773fa3c4b1f693d3bd\"},\"headline\":\"Domicilio Fiscal vs R\u00e9sidence Fiscale : Les diff\u00e9rences essentielles\",\"datePublished\":\"2025-07-05T13:11:22+00:00\",\"dateModified\":\"2025-09-05T13:11:22+00:00\",\"mainEntityOfPage\":{\"@id\":\"https:\/\/apoioaempresas.pt\/fr\/domicilio-fiscal-vs-residence-fiscale-les-differences-essentielles\/\"},\"wordCount\":2048,\"publisher\":{\"@id\":\"https:\/\/apoioaempresas.pt\/fr\/#organization\"},\"image\":{\"@id\":\"https:\/\/apoioaempresas.pt\/fr\/domicilio-fiscal-vs-residence-fiscale-les-differences-essentielles\/#primaryimage\"},\"thumbnailUrl\":\"https:\/\/apoioaempresas.pt\/wp-content\/uploads\/2025\/09\/domicilio-fiscal-vs-residencia-fiscal-diferencas.jpg\",\"articleSection\":[\"Communication d'entreprise\",\"Marketing num\u00e9rique\"],\"inLanguage\":\"fr-FR\"},{\"@type\":\"WebPage\",\"@id\":\"https:\/\/apoioaempresas.pt\/fr\/domicilio-fiscal-vs-residence-fiscale-les-differences-essentielles\/\",\"url\":\"https:\/\/apoioaempresas.pt\/fr\/domicilio-fiscal-vs-residence-fiscale-les-differences-essentielles\/\",\"name\":\"Domicilio Fiscal vs R\u00e9sidence Fiscale : Les diff\u00e9rences essentielles\",\"isPartOf\":{\"@id\":\"https:\/\/apoioaempresas.pt\/fr\/#website\"},\"primaryImageOfPage\":{\"@id\":\"https:\/\/apoioaempresas.pt\/fr\/domicilio-fiscal-vs-residence-fiscale-les-differences-essentielles\/#primaryimage\"},\"image\":{\"@id\":\"https:\/\/apoioaempresas.pt\/fr\/domicilio-fiscal-vs-residence-fiscale-les-differences-essentielles\/#primaryimage\"},\"thumbnailUrl\":\"https:\/\/apoioaempresas.pt\/wp-content\/uploads\/2025\/09\/domicilio-fiscal-vs-residencia-fiscal-diferencas.jpg\",\"datePublished\":\"2025-07-05T13:11:22+00:00\",\"dateModified\":\"2025-09-05T13:11:22+00:00\",\"description\":\"Le Domicilio Fiscal et la R\u00e9sidence Fiscale sont-ils la m\u00eame chose ? Non. Comprenez les diff\u00e9rences cruciales et les obligations l\u00e9gales au Portugal.\",\"breadcrumb\":{\"@id\":\"https:\/\/apoioaempresas.pt\/fr\/domicilio-fiscal-vs-residence-fiscale-les-differences-essentielles\/#breadcrumb\"},\"inLanguage\":\"fr-FR\",\"potentialAction\":[{\"@type\":\"ReadAction\",\"target\":[\"https:\/\/apoioaempresas.pt\/fr\/domicilio-fiscal-vs-residence-fiscale-les-differences-essentielles\/\"]}]},{\"@type\":\"ImageObject\",\"inLanguage\":\"fr-FR\",\"@id\":\"https:\/\/apoioaempresas.pt\/fr\/domicilio-fiscal-vs-residence-fiscale-les-differences-essentielles\/#primaryimage\",\"url\":\"https:\/\/apoioaempresas.pt\/wp-content\/uploads\/2025\/09\/domicilio-fiscal-vs-residencia-fiscal-diferencas.jpg\",\"contentUrl\":\"https:\/\/apoioaempresas.pt\/wp-content\/uploads\/2025\/09\/domicilio-fiscal-vs-residencia-fiscal-diferencas.jpg\",\"width\":1000,\"height\":667,\"caption\":\"Domic\u00edlio Fiscal e Resid\u00eancia Fiscal s\u00e3o a mesma coisa? N\u00e3o. Entenda as diferen\u00e7as cruciais e as obriga\u00e7\u00f5es legais em Portugal.\"},{\"@type\":\"BreadcrumbList\",\"@id\":\"https:\/\/apoioaempresas.pt\/fr\/domicilio-fiscal-vs-residence-fiscale-les-differences-essentielles\/#breadcrumb\",\"itemListElement\":[{\"@type\":\"ListItem\",\"position\":1,\"name\":\"Home\",\"item\":\"https:\/\/apoioaempresas.pt\/fr\/\"},{\"@type\":\"ListItem\",\"position\":2,\"name\":\"Domicilio Fiscal vs R\u00e9sidence Fiscale : Les diff\u00e9rences essentielles\"}]},{\"@type\":\"WebSite\",\"@id\":\"https:\/\/apoioaempresas.pt\/fr\/#website\",\"url\":\"https:\/\/apoioaempresas.pt\/fr\/\",\"name\":\"Apoio a Empresas\",\"description\":\"Disponibilizamos uma variedade de servi\u00e7os de apoio a empresas, para desenvolver o seu neg\u00f3cio ou ideia de neg\u00f3cio. Contacte-nos!\",\"publisher\":{\"@id\":\"https:\/\/apoioaempresas.pt\/fr\/#organization\"},\"potentialAction\":[{\"@type\":\"SearchAction\",\"target\":{\"@type\":\"EntryPoint\",\"urlTemplate\":\"https:\/\/apoioaempresas.pt\/fr\/?s={search_term_string}\"},\"query-input\":{\"@type\":\"PropertyValueSpecification\",\"valueRequired\":true,\"valueName\":\"search_term_string\"}}],\"inLanguage\":\"fr-FR\"},{\"@type\":\"Organization\",\"@id\":\"https:\/\/apoioaempresas.pt\/fr\/#organization\",\"name\":\"Apoio a Empresas\",\"url\":\"https:\/\/apoioaempresas.pt\/fr\/\",\"logo\":{\"@type\":\"ImageObject\",\"inLanguage\":\"fr-FR\",\"@id\":\"https:\/\/apoioaempresas.pt\/fr\/#\/schema\/logo\/image\/\",\"url\":\"https:\/\/apoioaempresas.pt\/wp-content\/uploads\/2023\/07\/Apoio-a-Empresas-Logo-Quadrado.png\",\"contentUrl\":\"https:\/\/apoioaempresas.pt\/wp-content\/uploads\/2023\/07\/Apoio-a-Empresas-Logo-Quadrado.png\",\"width\":500,\"height\":500,\"caption\":\"Apoio a Empresas\"},\"image\":{\"@id\":\"https:\/\/apoioaempresas.pt\/fr\/#\/schema\/logo\/image\/\"},\"sameAs\":[\"https:\/\/www.facebook.com\/apoioaempresas\/\",\"https:\/\/www.linkedin.com\/company\/apoio-a-empresas\/\",\"https:\/\/www.facebook.com\/apoioaempresascom\",\"https:\/\/www.linkedin.com\/company\/apoioaempresascom\/\",\"https:\/\/www.instagram.com\/apoioaempresascom\/\",\"https:\/\/www.instagram.com\/apoioaempresas.pt\/\"]},{\"@type\":\"Person\",\"@id\":\"https:\/\/apoioaempresas.pt\/fr\/#\/schema\/person\/3b85499db65dfd773fa3c4b1f693d3bd\",\"name\":\"apoioemp\",\"image\":{\"@type\":\"ImageObject\",\"inLanguage\":\"fr-FR\",\"@id\":\"https:\/\/apoioaempresas.pt\/fr\/#\/schema\/person\/image\/\",\"url\":\"https:\/\/secure.gravatar.com\/avatar\/4c81012441c6850abc4e1d995232a12521e39469045cd7a58f5461c0fcfced59?s=96&d=mm&r=g\",\"contentUrl\":\"https:\/\/secure.gravatar.com\/avatar\/4c81012441c6850abc4e1d995232a12521e39469045cd7a58f5461c0fcfced59?s=96&d=mm&r=g\",\"caption\":\"apoioemp\"},\"url\":\"https:\/\/apoioaempresas.pt\/fr\/author\/apoioemp\/\"}]}<\/script>\n<!-- \/ Yoast SEO plugin. -->","yoast_head_json":{"title":"Domicilio Fiscal vs R\u00e9sidence Fiscale : Les diff\u00e9rences essentielles","description":"Le Domicilio Fiscal et la R\u00e9sidence Fiscale sont-ils la m\u00eame chose ? Non. Comprenez les diff\u00e9rences cruciales et les obligations l\u00e9gales au Portugal.","robots":{"index":"index","follow":"follow","max-snippet":"max-snippet:-1","max-image-preview":"max-image-preview:large","max-video-preview":"max-video-preview:-1"},"canonical":"https:\/\/apoioaempresas.pt\/fr\/domicilio-fiscal-vs-residence-fiscale-les-differences-essentielles\/","og_locale":"fr_FR","og_type":"article","og_title":"Domicilio Fiscal vs R\u00e9sidence Fiscale : Les diff\u00e9rences essentielles","og_description":"Le Domicilio Fiscal et la R\u00e9sidence Fiscale sont-ils la m\u00eame chose ? Non. Comprenez les diff\u00e9rences cruciales et les obligations l\u00e9gales au Portugal.","og_url":"https:\/\/apoioaempresas.pt\/fr\/domicilio-fiscal-vs-residence-fiscale-les-differences-essentielles\/","og_site_name":"Apoio a Empresas","article_publisher":"https:\/\/www.facebook.com\/apoioaempresas\/","article_published_time":"2025-07-05T13:11:22+00:00","article_modified_time":"2025-09-05T13:11:22+00:00","og_image":[{"width":1000,"height":667,"url":"https:\/\/apoioaempresas.pt\/wp-content\/uploads\/2025\/09\/domicilio-fiscal-vs-residencia-fiscal-diferencas.jpg","type":"image\/jpeg"}],"author":"apoioemp","twitter_card":"summary_large_image","twitter_misc":{"\u00c9crit par":"apoioemp","Dur\u00e9e de lecture estim\u00e9e":"10 minutes"},"schema":{"@context":"https:\/\/schema.org","@graph":[{"@type":"Article","@id":"https:\/\/apoioaempresas.pt\/fr\/domicilio-fiscal-vs-residence-fiscale-les-differences-essentielles\/#article","isPartOf":{"@id":"https:\/\/apoioaempresas.pt\/fr\/domicilio-fiscal-vs-residence-fiscale-les-differences-essentielles\/"},"author":{"name":"apoioemp","@id":"https:\/\/apoioaempresas.pt\/fr\/#\/schema\/person\/3b85499db65dfd773fa3c4b1f693d3bd"},"headline":"Domicilio Fiscal vs R\u00e9sidence Fiscale : Les diff\u00e9rences essentielles","datePublished":"2025-07-05T13:11:22+00:00","dateModified":"2025-09-05T13:11:22+00:00","mainEntityOfPage":{"@id":"https:\/\/apoioaempresas.pt\/fr\/domicilio-fiscal-vs-residence-fiscale-les-differences-essentielles\/"},"wordCount":2048,"publisher":{"@id":"https:\/\/apoioaempresas.pt\/fr\/#organization"},"image":{"@id":"https:\/\/apoioaempresas.pt\/fr\/domicilio-fiscal-vs-residence-fiscale-les-differences-essentielles\/#primaryimage"},"thumbnailUrl":"https:\/\/apoioaempresas.pt\/wp-content\/uploads\/2025\/09\/domicilio-fiscal-vs-residencia-fiscal-diferencas.jpg","articleSection":["Communication d'entreprise","Marketing num\u00e9rique"],"inLanguage":"fr-FR"},{"@type":"WebPage","@id":"https:\/\/apoioaempresas.pt\/fr\/domicilio-fiscal-vs-residence-fiscale-les-differences-essentielles\/","url":"https:\/\/apoioaempresas.pt\/fr\/domicilio-fiscal-vs-residence-fiscale-les-differences-essentielles\/","name":"Domicilio Fiscal vs R\u00e9sidence Fiscale : Les diff\u00e9rences essentielles","isPartOf":{"@id":"https:\/\/apoioaempresas.pt\/fr\/#website"},"primaryImageOfPage":{"@id":"https:\/\/apoioaempresas.pt\/fr\/domicilio-fiscal-vs-residence-fiscale-les-differences-essentielles\/#primaryimage"},"image":{"@id":"https:\/\/apoioaempresas.pt\/fr\/domicilio-fiscal-vs-residence-fiscale-les-differences-essentielles\/#primaryimage"},"thumbnailUrl":"https:\/\/apoioaempresas.pt\/wp-content\/uploads\/2025\/09\/domicilio-fiscal-vs-residencia-fiscal-diferencas.jpg","datePublished":"2025-07-05T13:11:22+00:00","dateModified":"2025-09-05T13:11:22+00:00","description":"Le Domicilio Fiscal et la R\u00e9sidence Fiscale sont-ils la m\u00eame chose ? Non. Comprenez les diff\u00e9rences cruciales et les obligations l\u00e9gales au Portugal.","breadcrumb":{"@id":"https:\/\/apoioaempresas.pt\/fr\/domicilio-fiscal-vs-residence-fiscale-les-differences-essentielles\/#breadcrumb"},"inLanguage":"fr-FR","potentialAction":[{"@type":"ReadAction","target":["https:\/\/apoioaempresas.pt\/fr\/domicilio-fiscal-vs-residence-fiscale-les-differences-essentielles\/"]}]},{"@type":"ImageObject","inLanguage":"fr-FR","@id":"https:\/\/apoioaempresas.pt\/fr\/domicilio-fiscal-vs-residence-fiscale-les-differences-essentielles\/#primaryimage","url":"https:\/\/apoioaempresas.pt\/wp-content\/uploads\/2025\/09\/domicilio-fiscal-vs-residencia-fiscal-diferencas.jpg","contentUrl":"https:\/\/apoioaempresas.pt\/wp-content\/uploads\/2025\/09\/domicilio-fiscal-vs-residencia-fiscal-diferencas.jpg","width":1000,"height":667,"caption":"Domic\u00edlio Fiscal e Resid\u00eancia Fiscal s\u00e3o a mesma coisa? N\u00e3o. Entenda as diferen\u00e7as cruciais e as obriga\u00e7\u00f5es legais em Portugal."},{"@type":"BreadcrumbList","@id":"https:\/\/apoioaempresas.pt\/fr\/domicilio-fiscal-vs-residence-fiscale-les-differences-essentielles\/#breadcrumb","itemListElement":[{"@type":"ListItem","position":1,"name":"Home","item":"https:\/\/apoioaempresas.pt\/fr\/"},{"@type":"ListItem","position":2,"name":"Domicilio Fiscal vs R\u00e9sidence Fiscale : Les diff\u00e9rences essentielles"}]},{"@type":"WebSite","@id":"https:\/\/apoioaempresas.pt\/fr\/#website","url":"https:\/\/apoioaempresas.pt\/fr\/","name":"Apoio a Empresas","description":"Disponibilizamos uma variedade de servi\u00e7os de apoio a empresas, para desenvolver o seu neg\u00f3cio ou ideia de neg\u00f3cio. Contacte-nos!","publisher":{"@id":"https:\/\/apoioaempresas.pt\/fr\/#organization"},"potentialAction":[{"@type":"SearchAction","target":{"@type":"EntryPoint","urlTemplate":"https:\/\/apoioaempresas.pt\/fr\/?s={search_term_string}"},"query-input":{"@type":"PropertyValueSpecification","valueRequired":true,"valueName":"search_term_string"}}],"inLanguage":"fr-FR"},{"@type":"Organization","@id":"https:\/\/apoioaempresas.pt\/fr\/#organization","name":"Apoio a Empresas","url":"https:\/\/apoioaempresas.pt\/fr\/","logo":{"@type":"ImageObject","inLanguage":"fr-FR","@id":"https:\/\/apoioaempresas.pt\/fr\/#\/schema\/logo\/image\/","url":"https:\/\/apoioaempresas.pt\/wp-content\/uploads\/2023\/07\/Apoio-a-Empresas-Logo-Quadrado.png","contentUrl":"https:\/\/apoioaempresas.pt\/wp-content\/uploads\/2023\/07\/Apoio-a-Empresas-Logo-Quadrado.png","width":500,"height":500,"caption":"Apoio a Empresas"},"image":{"@id":"https:\/\/apoioaempresas.pt\/fr\/#\/schema\/logo\/image\/"},"sameAs":["https:\/\/www.facebook.com\/apoioaempresas\/","https:\/\/www.linkedin.com\/company\/apoio-a-empresas\/","https:\/\/www.facebook.com\/apoioaempresascom","https:\/\/www.linkedin.com\/company\/apoioaempresascom\/","https:\/\/www.instagram.com\/apoioaempresascom\/","https:\/\/www.instagram.com\/apoioaempresas.pt\/"]},{"@type":"Person","@id":"https:\/\/apoioaempresas.pt\/fr\/#\/schema\/person\/3b85499db65dfd773fa3c4b1f693d3bd","name":"apoioemp","image":{"@type":"ImageObject","inLanguage":"fr-FR","@id":"https:\/\/apoioaempresas.pt\/fr\/#\/schema\/person\/image\/","url":"https:\/\/secure.gravatar.com\/avatar\/4c81012441c6850abc4e1d995232a12521e39469045cd7a58f5461c0fcfced59?s=96&d=mm&r=g","contentUrl":"https:\/\/secure.gravatar.com\/avatar\/4c81012441c6850abc4e1d995232a12521e39469045cd7a58f5461c0fcfced59?s=96&d=mm&r=g","caption":"apoioemp"},"url":"https:\/\/apoioaempresas.pt\/fr\/author\/apoioemp\/"}]}},"_links":{"self":[{"href":"https:\/\/apoioaempresas.pt\/fr\/wp-json\/wp\/v2\/posts\/4225","targetHints":{"allow":["GET"]}}],"collection":[{"href":"https:\/\/apoioaempresas.pt\/fr\/wp-json\/wp\/v2\/posts"}],"about":[{"href":"https:\/\/apoioaempresas.pt\/fr\/wp-json\/wp\/v2\/types\/post"}],"author":[{"embeddable":true,"href":"https:\/\/apoioaempresas.pt\/fr\/wp-json\/wp\/v2\/users\/2"}],"replies":[{"embeddable":true,"href":"https:\/\/apoioaempresas.pt\/fr\/wp-json\/wp\/v2\/comments?post=4225"}],"version-history":[{"count":0,"href":"https:\/\/apoioaempresas.pt\/fr\/wp-json\/wp\/v2\/posts\/4225\/revisions"}],"wp:featuredmedia":[{"embeddable":true,"href":"https:\/\/apoioaempresas.pt\/fr\/wp-json\/wp\/v2\/media\/4015"}],"wp:attachment":[{"href":"https:\/\/apoioaempresas.pt\/fr\/wp-json\/wp\/v2\/media?parent=4225"}],"wp:term":[{"taxonomy":"category","embeddable":true,"href":"https:\/\/apoioaempresas.pt\/fr\/wp-json\/wp\/v2\/categories?post=4225"},{"taxonomy":"post_tag","embeddable":true,"href":"https:\/\/apoioaempresas.pt\/fr\/wp-json\/wp\/v2\/tags?post=4225"}],"curies":[{"name":"wp","href":"https:\/\/api.w.org\/{rel}","templated":true}]}}