{"id":4450,"date":"2025-11-08T20:13:05","date_gmt":"2025-11-08T20:13:05","guid":{"rendered":"https:\/\/apoioaempresas.pt\/quest-ce-que-les-journalistes-apprecient-vraiment-dans-un-communique-de-presse\/"},"modified":"2026-01-02T20:13:05","modified_gmt":"2026-01-02T20:13:05","slug":"quest-ce-que-les-journalistes-apprecient-vraiment-dans-un-communique-de-presse","status":"publish","type":"post","link":"https:\/\/apoioaempresas.pt\/fr\/quest-ce-que-les-journalistes-apprecient-vraiment-dans-un-communique-de-presse\/","title":{"rendered":"Qu&rsquo;est-ce que les journalistes appr\u00e9cient vraiment dans un communiqu\u00e9 de presse ?"},"content":{"rendered":"\n<p>Les journalistes ne cherchent pas \u00e0 faire de la publicit\u00e9. Ils recherchent des <strong>sujets pertinents, des donn\u00e9es concr\u00e8tes et un impact r\u00e9el<\/strong>. Comprendre ce que les m\u00e9dias appr\u00e9cient est la premi\u00e8re \u00e9tape pour obtenir une visibilit\u00e9 constante et, bien s\u00fbr, \u00e9viter que les communiqu\u00e9s de presse ne soient ignor\u00e9s.  <\/p>\n\n\n\n<p>Au Portugal, o\u00f9 les salles de r\u00e9daction travaillent avec des ressources limit\u00e9es et une forte pression \u00e9ditoriale, savoir <strong>parler aux journalistes<\/strong> et construire une <strong>relation de<\/strong> confiance <strong>avec les m\u00e9dias<\/strong> fait toute la diff\u00e9rence. Dans cet article, nous expliquons en termes pratiques <strong>ce que les journalistes recherchent<\/strong>, comment aligner la communication d&rsquo;entreprise sur les crit\u00e8res \u00e9ditoriaux et comment renforcer les <strong>relations avec les m\u00e9dias <\/strong>au Portugal. <\/p>\n\n\n\n<h2 class=\"wp-block-heading\"><strong>Pertinence de l&rsquo;information : la question qui d\u00e9cide de tout<\/strong><\/h2>\n\n\n\n<p>Avant d&rsquo;ouvrir un courrier \u00e9lectronique, les journalistes proc\u00e8dent \u00e0 un triage mental simple :<br><strong>\u00ab\u00a0Est-ce que cela int\u00e9resse mon public ?\u00a0\u00bb<\/strong><\/p>\n\n\n\n<p>Pour \u00eatre pertinente, l&rsquo;information doit comporter au moins l&rsquo;un de ces \u00e9l\u00e9ments :<\/p>\n\n\n\n<ul class=\"wp-block-list\">\n<li><strong>Nouveaut\u00e9<\/strong> (quelque chose qui arrive maintenant) ;<\/li>\n\n\n\n<li><strong>Impact<\/strong> (\u00e9conomique, social, sectoriel) ;<\/li>\n\n\n\n<li><strong>Utilit\u00e9 publique<\/strong> (aide \u00e0 la compr\u00e9hension d&rsquo;un sujet) ;<\/li>\n\n\n\n<li><strong>Contexte<\/strong> (explique une tendance ou un probl\u00e8me actuel).<\/li>\n<\/ul>\n\n\n\n<p>Les messages centr\u00e9s uniquement sur l&rsquo;entreprise, sans lien avec le monde r\u00e9el, passent rarement ce filtre.<\/p>\n\n\n\n<h3 class=\"wp-block-heading\"><strong>L&rsquo;importance des donn\u00e9es concr\u00e8tes et v\u00e9rifiables<\/strong><\/h3>\n\n\n\n<p>Les g\u00e9n\u00e9ralit\u00e9s ne font pas l&rsquo;actualit\u00e9. Les journalistes le font : <\/p>\n\n\n\n<ul class=\"wp-block-list\">\n<li><strong>Chiffres<\/strong> (croissance, investissements, emplois cr\u00e9\u00e9s) ;<\/li>\n\n\n\n<li><strong>Des faits v\u00e9rifiables<\/strong> (dates, lieux, r\u00e9sultats) ;<\/li>\n\n\n\n<li><strong>Sources identifiables<\/strong> (porte-parole avec position et contexte).<\/li>\n<\/ul>\n\n\n\n<p>Plus le contenu est concret, moins l&rsquo;effort \u00e9ditorial est important et, par cons\u00e9quent, plus la probabilit\u00e9 de publication est grande.<\/p>\n\n\n\n<p><strong>Ce qu&rsquo;ils appr\u00e9cient dans un communiqu\u00e9 de presse : clart\u00e9 et objectivit\u00e9<\/strong><\/p>\n\n\n\n<p>Le temps est la ressource la plus rare dans une dissertation. C&rsquo;est pourquoi <\/p>\n\n\n\n<ul class=\"wp-block-list\">\n<li>Les titres clairs l&#8217;emportent sur les titres cr\u00e9atifs ;<\/li>\n\n\n\n<li>Les pistes directes l&#8217;emportent sur les longues pr\u00e9sentations ;<\/li>\n\n\n\n<li>Le langage simple l&#8217;emporte sur les termes techniques.<\/li>\n<\/ul>\n\n\n\n<p>Un bon communiqu\u00e9 de presse ou un bon <em>argumentaire<\/em> r\u00e9pond rapidement aux questions <strong>\u00ab\u00a0qui\u00a0\u00bb, \u00ab\u00a0quoi\u00a0\u00bb, \u00ab\u00a0quand\u00a0\u00bb, \u00ab\u00a0o\u00f9\u00a0\u00bb et \u00ab\u00a0pourquoi\u00a0\u00bb<\/strong>. Le reste n&rsquo;est que d\u00e9tails. <\/p>\n\n\n\n<h4 class=\"wp-block-heading\"><strong>R\u00e9daction de communiqu\u00e9s de presse : langage informatif et non commercial<\/strong><\/h4>\n\n\n\n<p>L&rsquo;une des erreurs les plus courantes consiste \u00e0 confondre les relations avec la <strong>presse<\/strong> et la publicit\u00e9.<\/p>\n\n\n\n<p>Signes d&rsquo;alerte pour les journalistes :<\/p>\n\n\n\n<ul class=\"wp-block-list\">\n<li>Adjectifs promotionnels (\u00ab\u00a0unique\u00a0\u00bb, \u00ab\u00a0leader\u00a0\u00bb, \u00ab\u00a0innovant\u00a0\u00bb) ;<\/li>\n\n\n\n<li>Appels commerciaux \u00e0 l&rsquo;action ;<\/li>\n\n\n\n<li>Phrases vagues sans preuve.<\/li>\n<\/ul>\n\n\n\n<p>La r\u00e8gle est simple : <strong>si cela ressemble \u00e0 une publicit\u00e9, ce n&rsquo;est pas une information<\/strong>.<\/p>\n\n\n\n<p><strong>Apr\u00e8s le communiqu\u00e9 de presse : des porte-parole accessibles et pr\u00e9par\u00e9s<\/strong><\/p>\n\n\n\n<p>Les journalistes appr\u00e9cient les entreprises qui :<\/p>\n\n\n\n<ul class=\"wp-block-list\">\n<li>Ils r\u00e9agissent rapidement ;<\/li>\n\n\n\n<li>Ils sont des porte-parole avis\u00e9s ;<\/li>\n\n\n\n<li>Ils respectent les d\u00e9lais r\u00e9dactionnels ;<\/li>\n\n\n\n<li>Ils parlent franchement, m\u00eame sur des sujets sensibles.<\/li>\n<\/ul>\n\n\n\n<p>Un porte-parole pr\u00e9par\u00e9 ajoute une <strong>interpr\u00e9tation et un contexte<\/strong>, et ne r\u00e9p\u00e8te pas la d\u00e9claration. Il transforme l&rsquo;information en histoire. <\/p>\n\n\n\n<p><strong>La confiance se construit au fil du temps<\/strong><\/p>\n\n\n\n<p>Les relations solides avec les m\u00e9dias ne sont pas le fruit d&rsquo;un publipostage de masse. Elles se construisent avec : <\/p>\n\n\n\n<ul class=\"wp-block-list\">\n<li>La <strong>r\u00e9gularit\u00e9<\/strong> (ne pas se contenter de se pr\u00e9senter quand c&rsquo;est opportun) ;<\/li>\n\n\n\n<li><strong>Fiabilit\u00e9<\/strong> (informations correctes) ;<\/li>\n\n\n\n<li><strong>Respect<\/strong> (pour le travail journalistique).<\/li>\n<\/ul>\n\n\n\n<p>Les entreprises qui aident les journalistes \u00e0 mieux faire leur travail deviennent des <strong>sources r\u00e9currentes<\/strong>.<\/p>\n\n\n\n<p><strong>Calendrier et personnalisation<\/strong><\/p>\n\n\n\n<p>L&rsquo;envoi de la bonne information <strong>au bon moment<\/strong> est tout aussi important que le contenu.<\/p>\n\n\n\n<p>Bonnes pratiques en mati\u00e8re de <em>relations avec les m\u00e9dias<\/em>:<\/p>\n\n\n\n<ul class=\"wp-block-list\">\n<li>Conna\u00eetre la ligne \u00e9ditoriale de chaque m\u00e9dia ;<\/li>\n\n\n\n<li>Adaptez l&rsquo;angle au journaliste ;<\/li>\n\n\n\n<li>\u00c9vitez les envois en dehors des heures critiques ;<\/li>\n\n\n\n<li>Contextualisez les raisons pour lesquelles ce sujet est pertinent <strong>aujourd&rsquo;hui<\/strong>.<\/li>\n<\/ul>\n\n\n\n<h5 class=\"wp-block-heading\"><strong>Transparence, en particulier dans les contextes difficiles<\/strong><\/h5>\n\n\n\n<p>Dans les situations de crise ou de controverse, les journalistes accordent de l&rsquo;importance au communiqu\u00e9 de presse qu&rsquo;ils ont envoy\u00e9 :<\/p>\n\n\n\n<ul class=\"wp-block-list\">\n<li>R\u00e9ponses rapides ;<\/li>\n\n\n\n<li>Prise en charge de la responsabilit\u00e9 ;<\/li>\n\n\n\n<li>Des informations claires sur les mesures prises.<\/li>\n<\/ul>\n\n\n\n<p>Le silence ou la d\u00e9robade nuisent \u00e0 la cr\u00e9dibilit\u00e9 et d\u00e9t\u00e9riorent les relations avec les m\u00e9dias.<\/p>\n\n\n\n<p>En bref, les journalistes appr\u00e9cient la <strong>pertinence, la rigueur, la clart\u00e9 et la confiance<\/strong>. Les entreprises qui comprennent ces crit\u00e8res cessent d'\u00a0\u00bbessayer de para\u00eetre\u00a0\u00bb et commencent \u00e0 <strong>contribuer \u00e0 l&rsquo;information du public<\/strong>. <\/p>\n\n\n\n<p>Savoir <strong>ce que les journalistes <\/strong>appr\u00e9cient dans un <strong>communiqu\u00e9 de presse<\/strong> et investir dans une <strong>relation<\/strong> professionnelle <strong>avec les m\u00e9dias<\/strong> est le moyen le plus s\u00fbr d&rsquo;assurer une pr\u00e9sence m\u00e9diatique durable au Portugal.<\/p>\n\n\n\n<p>Vous souhaitez aligner votre communication sur les crit\u00e8res \u00e9ditoriaux des m\u00e9dias ? Consultez-nous et \u00e9valuez votre strat\u00e9gie de relations avec les m\u00e9dias. <\/p>\n","protected":false},"excerpt":{"rendered":"<p>Les journalistes ne cherchent pas \u00e0 faire de la publicit\u00e9. Ils recherchent des sujets pertinents, des donn\u00e9es concr\u00e8tes et un impact r\u00e9el. Comprendre ce que les m\u00e9dias appr\u00e9cient est la premi\u00e8re \u00e9tape pour obtenir une visibilit\u00e9 constante et, bien s\u00fbr, \u00e9viter que les communiqu\u00e9s de presse ne soient ignor\u00e9s. Au Portugal, o\u00f9 les salles de&hellip;<\/p>\n","protected":false},"author":2,"featured_media":4444,"comment_status":"open","ping_status":"open","sticky":false,"template":"","format":"standard","meta":{"footnotes":""},"categories":[91],"tags":[],"class_list":["post-4450","post","type-post","status-publish","format-standard","has-post-thumbnail","hentry","category-service-de-presse","category-91","description-off"],"yoast_head":"<!-- This site is optimized with the Yoast SEO plugin v26.6 - https:\/\/yoast.com\/wordpress\/plugins\/seo\/ -->\n<title>Qu&#039;est-ce que les journalistes appr\u00e9cient dans un communiqu\u00e9 de presse ?<\/title>\n<meta name=\"description\" content=\"D\u00e9couvrez ce que les journalistes appr\u00e9cient dans un communiqu\u00e9 de presse et comment \u00e9tablir une relation efficace avec les m\u00e9dias au Portugal.\" \/>\n<meta name=\"robots\" content=\"index, follow, max-snippet:-1, max-image-preview:large, max-video-preview:-1\" \/>\n<link rel=\"canonical\" href=\"https:\/\/apoioaempresas.pt\/fr\/quest-ce-que-les-journalistes-apprecient-vraiment-dans-un-communique-de-presse\/\" \/>\n<meta property=\"og:locale\" content=\"fr_FR\" \/>\n<meta property=\"og:type\" content=\"article\" \/>\n<meta property=\"og:title\" content=\"Qu&#039;est-ce que les journalistes appr\u00e9cient dans un communiqu\u00e9 de presse ?\" \/>\n<meta property=\"og:description\" content=\"D\u00e9couvrez ce que les journalistes appr\u00e9cient dans un communiqu\u00e9 de presse et comment \u00e9tablir une relation efficace avec les m\u00e9dias au Portugal.\" \/>\n<meta property=\"og:url\" content=\"https:\/\/apoioaempresas.pt\/fr\/quest-ce-que-les-journalistes-apprecient-vraiment-dans-un-communique-de-presse\/\" \/>\n<meta property=\"og:site_name\" content=\"Apoio a Empresas\" \/>\n<meta property=\"article:publisher\" content=\"https:\/\/www.facebook.com\/apoioaempresas\/\" \/>\n<meta property=\"article:published_time\" content=\"2025-11-08T20:13:05+00:00\" \/>\n<meta property=\"article:modified_time\" content=\"2026-01-02T20:13:05+00:00\" \/>\n<meta property=\"og:image\" content=\"https:\/\/apoioaempresas.pt\/wp-content\/uploads\/2026\/01\/Press-release.jpg\" \/>\n\t<meta property=\"og:image:width\" content=\"1000\" \/>\n\t<meta property=\"og:image:height\" content=\"667\" \/>\n\t<meta property=\"og:image:type\" content=\"image\/jpeg\" \/>\n<meta name=\"author\" content=\"apoioemp\" \/>\n<meta name=\"twitter:card\" content=\"summary_large_image\" \/>\n<meta name=\"twitter:label1\" content=\"\u00c9crit par\" \/>\n\t<meta name=\"twitter:data1\" content=\"apoioemp\" \/>\n\t<meta name=\"twitter:label2\" content=\"Dur\u00e9e de lecture estim\u00e9e\" \/>\n\t<meta name=\"twitter:data2\" content=\"4 minutes\" \/>\n<script type=\"application\/ld+json\" class=\"yoast-schema-graph\">{\"@context\":\"https:\/\/schema.org\",\"@graph\":[{\"@type\":\"Article\",\"@id\":\"https:\/\/apoioaempresas.pt\/fr\/quest-ce-que-les-journalistes-apprecient-vraiment-dans-un-communique-de-presse\/#article\",\"isPartOf\":{\"@id\":\"https:\/\/apoioaempresas.pt\/fr\/quest-ce-que-les-journalistes-apprecient-vraiment-dans-un-communique-de-presse\/\"},\"author\":{\"name\":\"apoioemp\",\"@id\":\"https:\/\/apoioaempresas.pt\/fr\/#\/schema\/person\/3b85499db65dfd773fa3c4b1f693d3bd\"},\"headline\":\"Qu&rsquo;est-ce que les journalistes appr\u00e9cient vraiment dans un communiqu\u00e9 de presse ?\",\"datePublished\":\"2025-11-08T20:13:05+00:00\",\"dateModified\":\"2026-01-02T20:13:05+00:00\",\"mainEntityOfPage\":{\"@id\":\"https:\/\/apoioaempresas.pt\/fr\/quest-ce-que-les-journalistes-apprecient-vraiment-dans-un-communique-de-presse\/\"},\"wordCount\":817,\"commentCount\":0,\"publisher\":{\"@id\":\"https:\/\/apoioaempresas.pt\/fr\/#organization\"},\"image\":{\"@id\":\"https:\/\/apoioaempresas.pt\/fr\/quest-ce-que-les-journalistes-apprecient-vraiment-dans-un-communique-de-presse\/#primaryimage\"},\"thumbnailUrl\":\"https:\/\/apoioaempresas.pt\/wp-content\/uploads\/2026\/01\/Press-release.jpg\",\"articleSection\":[\"Service de presse\"],\"inLanguage\":\"fr-FR\",\"potentialAction\":[{\"@type\":\"CommentAction\",\"name\":\"Comment\",\"target\":[\"https:\/\/apoioaempresas.pt\/fr\/quest-ce-que-les-journalistes-apprecient-vraiment-dans-un-communique-de-presse\/#respond\"]}]},{\"@type\":\"WebPage\",\"@id\":\"https:\/\/apoioaempresas.pt\/fr\/quest-ce-que-les-journalistes-apprecient-vraiment-dans-un-communique-de-presse\/\",\"url\":\"https:\/\/apoioaempresas.pt\/fr\/quest-ce-que-les-journalistes-apprecient-vraiment-dans-un-communique-de-presse\/\",\"name\":\"Qu'est-ce que les journalistes appr\u00e9cient dans un communiqu\u00e9 de presse ?\",\"isPartOf\":{\"@id\":\"https:\/\/apoioaempresas.pt\/fr\/#website\"},\"primaryImageOfPage\":{\"@id\":\"https:\/\/apoioaempresas.pt\/fr\/quest-ce-que-les-journalistes-apprecient-vraiment-dans-un-communique-de-presse\/#primaryimage\"},\"image\":{\"@id\":\"https:\/\/apoioaempresas.pt\/fr\/quest-ce-que-les-journalistes-apprecient-vraiment-dans-un-communique-de-presse\/#primaryimage\"},\"thumbnailUrl\":\"https:\/\/apoioaempresas.pt\/wp-content\/uploads\/2026\/01\/Press-release.jpg\",\"datePublished\":\"2025-11-08T20:13:05+00:00\",\"dateModified\":\"2026-01-02T20:13:05+00:00\",\"description\":\"D\u00e9couvrez ce que les journalistes appr\u00e9cient dans un communiqu\u00e9 de presse et comment \u00e9tablir une relation efficace avec les m\u00e9dias au Portugal.\",\"breadcrumb\":{\"@id\":\"https:\/\/apoioaempresas.pt\/fr\/quest-ce-que-les-journalistes-apprecient-vraiment-dans-un-communique-de-presse\/#breadcrumb\"},\"inLanguage\":\"fr-FR\",\"potentialAction\":[{\"@type\":\"ReadAction\",\"target\":[\"https:\/\/apoioaempresas.pt\/fr\/quest-ce-que-les-journalistes-apprecient-vraiment-dans-un-communique-de-presse\/\"]}]},{\"@type\":\"ImageObject\",\"inLanguage\":\"fr-FR\",\"@id\":\"https:\/\/apoioaempresas.pt\/fr\/quest-ce-que-les-journalistes-apprecient-vraiment-dans-un-communique-de-presse\/#primaryimage\",\"url\":\"https:\/\/apoioaempresas.pt\/wp-content\/uploads\/2026\/01\/Press-release.jpg\",\"contentUrl\":\"https:\/\/apoioaempresas.pt\/wp-content\/uploads\/2026\/01\/Press-release.jpg\",\"width\":1000,\"height\":667,\"caption\":\"Press Release\"},{\"@type\":\"BreadcrumbList\",\"@id\":\"https:\/\/apoioaempresas.pt\/fr\/quest-ce-que-les-journalistes-apprecient-vraiment-dans-un-communique-de-presse\/#breadcrumb\",\"itemListElement\":[{\"@type\":\"ListItem\",\"position\":1,\"name\":\"Home\",\"item\":\"https:\/\/apoioaempresas.pt\/fr\/\"},{\"@type\":\"ListItem\",\"position\":2,\"name\":\"Qu&rsquo;est-ce que les journalistes appr\u00e9cient vraiment dans un communiqu\u00e9 de presse ?\"}]},{\"@type\":\"WebSite\",\"@id\":\"https:\/\/apoioaempresas.pt\/fr\/#website\",\"url\":\"https:\/\/apoioaempresas.pt\/fr\/\",\"name\":\"Apoio a Empresas\",\"description\":\"Disponibilizamos uma variedade de servi\u00e7os de apoio a empresas, para desenvolver o seu neg\u00f3cio ou ideia de neg\u00f3cio. Contacte-nos!\",\"publisher\":{\"@id\":\"https:\/\/apoioaempresas.pt\/fr\/#organization\"},\"potentialAction\":[{\"@type\":\"SearchAction\",\"target\":{\"@type\":\"EntryPoint\",\"urlTemplate\":\"https:\/\/apoioaempresas.pt\/fr\/?s={search_term_string}\"},\"query-input\":{\"@type\":\"PropertyValueSpecification\",\"valueRequired\":true,\"valueName\":\"search_term_string\"}}],\"inLanguage\":\"fr-FR\"},{\"@type\":\"Organization\",\"@id\":\"https:\/\/apoioaempresas.pt\/fr\/#organization\",\"name\":\"Apoio a Empresas\",\"url\":\"https:\/\/apoioaempresas.pt\/fr\/\",\"logo\":{\"@type\":\"ImageObject\",\"inLanguage\":\"fr-FR\",\"@id\":\"https:\/\/apoioaempresas.pt\/fr\/#\/schema\/logo\/image\/\",\"url\":\"https:\/\/apoioaempresas.pt\/wp-content\/uploads\/2023\/07\/Apoio-a-Empresas-Logo-Quadrado.png\",\"contentUrl\":\"https:\/\/apoioaempresas.pt\/wp-content\/uploads\/2023\/07\/Apoio-a-Empresas-Logo-Quadrado.png\",\"width\":500,\"height\":500,\"caption\":\"Apoio a Empresas\"},\"image\":{\"@id\":\"https:\/\/apoioaempresas.pt\/fr\/#\/schema\/logo\/image\/\"},\"sameAs\":[\"https:\/\/www.facebook.com\/apoioaempresas\/\",\"https:\/\/www.linkedin.com\/company\/apoio-a-empresas\/\",\"https:\/\/www.facebook.com\/apoioaempresascom\",\"https:\/\/www.linkedin.com\/company\/apoioaempresascom\/\",\"https:\/\/www.instagram.com\/apoioaempresascom\/\",\"https:\/\/www.instagram.com\/apoioaempresas.pt\/\"]},{\"@type\":\"Person\",\"@id\":\"https:\/\/apoioaempresas.pt\/fr\/#\/schema\/person\/3b85499db65dfd773fa3c4b1f693d3bd\",\"name\":\"apoioemp\",\"image\":{\"@type\":\"ImageObject\",\"inLanguage\":\"fr-FR\",\"@id\":\"https:\/\/apoioaempresas.pt\/fr\/#\/schema\/person\/image\/\",\"url\":\"https:\/\/secure.gravatar.com\/avatar\/4c81012441c6850abc4e1d995232a12521e39469045cd7a58f5461c0fcfced59?s=96&d=mm&r=g\",\"contentUrl\":\"https:\/\/secure.gravatar.com\/avatar\/4c81012441c6850abc4e1d995232a12521e39469045cd7a58f5461c0fcfced59?s=96&d=mm&r=g\",\"caption\":\"apoioemp\"},\"url\":\"https:\/\/apoioaempresas.pt\/fr\/author\/apoioemp\/\"}]}<\/script>\n<!-- \/ Yoast SEO plugin. -->","yoast_head_json":{"title":"Qu'est-ce que les journalistes appr\u00e9cient dans un communiqu\u00e9 de presse ?","description":"D\u00e9couvrez ce que les journalistes appr\u00e9cient dans un communiqu\u00e9 de presse et comment \u00e9tablir une relation efficace avec les m\u00e9dias au Portugal.","robots":{"index":"index","follow":"follow","max-snippet":"max-snippet:-1","max-image-preview":"max-image-preview:large","max-video-preview":"max-video-preview:-1"},"canonical":"https:\/\/apoioaempresas.pt\/fr\/quest-ce-que-les-journalistes-apprecient-vraiment-dans-un-communique-de-presse\/","og_locale":"fr_FR","og_type":"article","og_title":"Qu'est-ce que les journalistes appr\u00e9cient dans un communiqu\u00e9 de presse ?","og_description":"D\u00e9couvrez ce que les journalistes appr\u00e9cient dans un communiqu\u00e9 de presse et comment \u00e9tablir une relation efficace avec les m\u00e9dias au Portugal.","og_url":"https:\/\/apoioaempresas.pt\/fr\/quest-ce-que-les-journalistes-apprecient-vraiment-dans-un-communique-de-presse\/","og_site_name":"Apoio a Empresas","article_publisher":"https:\/\/www.facebook.com\/apoioaempresas\/","article_published_time":"2025-11-08T20:13:05+00:00","article_modified_time":"2026-01-02T20:13:05+00:00","og_image":[{"width":1000,"height":667,"url":"https:\/\/apoioaempresas.pt\/wp-content\/uploads\/2026\/01\/Press-release.jpg","type":"image\/jpeg"}],"author":"apoioemp","twitter_card":"summary_large_image","twitter_misc":{"\u00c9crit par":"apoioemp","Dur\u00e9e de lecture estim\u00e9e":"4 minutes"},"schema":{"@context":"https:\/\/schema.org","@graph":[{"@type":"Article","@id":"https:\/\/apoioaempresas.pt\/fr\/quest-ce-que-les-journalistes-apprecient-vraiment-dans-un-communique-de-presse\/#article","isPartOf":{"@id":"https:\/\/apoioaempresas.pt\/fr\/quest-ce-que-les-journalistes-apprecient-vraiment-dans-un-communique-de-presse\/"},"author":{"name":"apoioemp","@id":"https:\/\/apoioaempresas.pt\/fr\/#\/schema\/person\/3b85499db65dfd773fa3c4b1f693d3bd"},"headline":"Qu&rsquo;est-ce que les journalistes appr\u00e9cient vraiment dans un communiqu\u00e9 de presse ?","datePublished":"2025-11-08T20:13:05+00:00","dateModified":"2026-01-02T20:13:05+00:00","mainEntityOfPage":{"@id":"https:\/\/apoioaempresas.pt\/fr\/quest-ce-que-les-journalistes-apprecient-vraiment-dans-un-communique-de-presse\/"},"wordCount":817,"commentCount":0,"publisher":{"@id":"https:\/\/apoioaempresas.pt\/fr\/#organization"},"image":{"@id":"https:\/\/apoioaempresas.pt\/fr\/quest-ce-que-les-journalistes-apprecient-vraiment-dans-un-communique-de-presse\/#primaryimage"},"thumbnailUrl":"https:\/\/apoioaempresas.pt\/wp-content\/uploads\/2026\/01\/Press-release.jpg","articleSection":["Service de presse"],"inLanguage":"fr-FR","potentialAction":[{"@type":"CommentAction","name":"Comment","target":["https:\/\/apoioaempresas.pt\/fr\/quest-ce-que-les-journalistes-apprecient-vraiment-dans-un-communique-de-presse\/#respond"]}]},{"@type":"WebPage","@id":"https:\/\/apoioaempresas.pt\/fr\/quest-ce-que-les-journalistes-apprecient-vraiment-dans-un-communique-de-presse\/","url":"https:\/\/apoioaempresas.pt\/fr\/quest-ce-que-les-journalistes-apprecient-vraiment-dans-un-communique-de-presse\/","name":"Qu'est-ce que les journalistes appr\u00e9cient dans un communiqu\u00e9 de presse ?","isPartOf":{"@id":"https:\/\/apoioaempresas.pt\/fr\/#website"},"primaryImageOfPage":{"@id":"https:\/\/apoioaempresas.pt\/fr\/quest-ce-que-les-journalistes-apprecient-vraiment-dans-un-communique-de-presse\/#primaryimage"},"image":{"@id":"https:\/\/apoioaempresas.pt\/fr\/quest-ce-que-les-journalistes-apprecient-vraiment-dans-un-communique-de-presse\/#primaryimage"},"thumbnailUrl":"https:\/\/apoioaempresas.pt\/wp-content\/uploads\/2026\/01\/Press-release.jpg","datePublished":"2025-11-08T20:13:05+00:00","dateModified":"2026-01-02T20:13:05+00:00","description":"D\u00e9couvrez ce que les journalistes appr\u00e9cient dans un communiqu\u00e9 de presse et comment \u00e9tablir une relation efficace avec les m\u00e9dias au Portugal.","breadcrumb":{"@id":"https:\/\/apoioaempresas.pt\/fr\/quest-ce-que-les-journalistes-apprecient-vraiment-dans-un-communique-de-presse\/#breadcrumb"},"inLanguage":"fr-FR","potentialAction":[{"@type":"ReadAction","target":["https:\/\/apoioaempresas.pt\/fr\/quest-ce-que-les-journalistes-apprecient-vraiment-dans-un-communique-de-presse\/"]}]},{"@type":"ImageObject","inLanguage":"fr-FR","@id":"https:\/\/apoioaempresas.pt\/fr\/quest-ce-que-les-journalistes-apprecient-vraiment-dans-un-communique-de-presse\/#primaryimage","url":"https:\/\/apoioaempresas.pt\/wp-content\/uploads\/2026\/01\/Press-release.jpg","contentUrl":"https:\/\/apoioaempresas.pt\/wp-content\/uploads\/2026\/01\/Press-release.jpg","width":1000,"height":667,"caption":"Press Release"},{"@type":"BreadcrumbList","@id":"https:\/\/apoioaempresas.pt\/fr\/quest-ce-que-les-journalistes-apprecient-vraiment-dans-un-communique-de-presse\/#breadcrumb","itemListElement":[{"@type":"ListItem","position":1,"name":"Home","item":"https:\/\/apoioaempresas.pt\/fr\/"},{"@type":"ListItem","position":2,"name":"Qu&rsquo;est-ce que les journalistes appr\u00e9cient vraiment dans un communiqu\u00e9 de presse ?"}]},{"@type":"WebSite","@id":"https:\/\/apoioaempresas.pt\/fr\/#website","url":"https:\/\/apoioaempresas.pt\/fr\/","name":"Apoio a Empresas","description":"Disponibilizamos uma variedade de servi\u00e7os de apoio a empresas, para desenvolver o seu neg\u00f3cio ou ideia de neg\u00f3cio. Contacte-nos!","publisher":{"@id":"https:\/\/apoioaempresas.pt\/fr\/#organization"},"potentialAction":[{"@type":"SearchAction","target":{"@type":"EntryPoint","urlTemplate":"https:\/\/apoioaempresas.pt\/fr\/?s={search_term_string}"},"query-input":{"@type":"PropertyValueSpecification","valueRequired":true,"valueName":"search_term_string"}}],"inLanguage":"fr-FR"},{"@type":"Organization","@id":"https:\/\/apoioaempresas.pt\/fr\/#organization","name":"Apoio a Empresas","url":"https:\/\/apoioaempresas.pt\/fr\/","logo":{"@type":"ImageObject","inLanguage":"fr-FR","@id":"https:\/\/apoioaempresas.pt\/fr\/#\/schema\/logo\/image\/","url":"https:\/\/apoioaempresas.pt\/wp-content\/uploads\/2023\/07\/Apoio-a-Empresas-Logo-Quadrado.png","contentUrl":"https:\/\/apoioaempresas.pt\/wp-content\/uploads\/2023\/07\/Apoio-a-Empresas-Logo-Quadrado.png","width":500,"height":500,"caption":"Apoio a Empresas"},"image":{"@id":"https:\/\/apoioaempresas.pt\/fr\/#\/schema\/logo\/image\/"},"sameAs":["https:\/\/www.facebook.com\/apoioaempresas\/","https:\/\/www.linkedin.com\/company\/apoio-a-empresas\/","https:\/\/www.facebook.com\/apoioaempresascom","https:\/\/www.linkedin.com\/company\/apoioaempresascom\/","https:\/\/www.instagram.com\/apoioaempresascom\/","https:\/\/www.instagram.com\/apoioaempresas.pt\/"]},{"@type":"Person","@id":"https:\/\/apoioaempresas.pt\/fr\/#\/schema\/person\/3b85499db65dfd773fa3c4b1f693d3bd","name":"apoioemp","image":{"@type":"ImageObject","inLanguage":"fr-FR","@id":"https:\/\/apoioaempresas.pt\/fr\/#\/schema\/person\/image\/","url":"https:\/\/secure.gravatar.com\/avatar\/4c81012441c6850abc4e1d995232a12521e39469045cd7a58f5461c0fcfced59?s=96&d=mm&r=g","contentUrl":"https:\/\/secure.gravatar.com\/avatar\/4c81012441c6850abc4e1d995232a12521e39469045cd7a58f5461c0fcfced59?s=96&d=mm&r=g","caption":"apoioemp"},"url":"https:\/\/apoioaempresas.pt\/fr\/author\/apoioemp\/"}]}},"_links":{"self":[{"href":"https:\/\/apoioaempresas.pt\/fr\/wp-json\/wp\/v2\/posts\/4450","targetHints":{"allow":["GET"]}}],"collection":[{"href":"https:\/\/apoioaempresas.pt\/fr\/wp-json\/wp\/v2\/posts"}],"about":[{"href":"https:\/\/apoioaempresas.pt\/fr\/wp-json\/wp\/v2\/types\/post"}],"author":[{"embeddable":true,"href":"https:\/\/apoioaempresas.pt\/fr\/wp-json\/wp\/v2\/users\/2"}],"replies":[{"embeddable":true,"href":"https:\/\/apoioaempresas.pt\/fr\/wp-json\/wp\/v2\/comments?post=4450"}],"version-history":[{"count":0,"href":"https:\/\/apoioaempresas.pt\/fr\/wp-json\/wp\/v2\/posts\/4450\/revisions"}],"wp:featuredmedia":[{"embeddable":true,"href":"https:\/\/apoioaempresas.pt\/fr\/wp-json\/wp\/v2\/media\/4444"}],"wp:attachment":[{"href":"https:\/\/apoioaempresas.pt\/fr\/wp-json\/wp\/v2\/media?parent=4450"}],"wp:term":[{"taxonomy":"category","embeddable":true,"href":"https:\/\/apoioaempresas.pt\/fr\/wp-json\/wp\/v2\/categories?post=4450"},{"taxonomy":"post_tag","embeddable":true,"href":"https:\/\/apoioaempresas.pt\/fr\/wp-json\/wp\/v2\/tags?post=4450"}],"curies":[{"name":"wp","href":"https:\/\/api.w.org\/{rel}","templated":true}]}}